{"id":1033,"date":"2011-03-09T15:36:44","date_gmt":"2011-03-09T15:36:44","guid":{"rendered":"http:\/\/www.bbyhaber.com\/bby\/?p=1033"},"modified":"2012-09-07T22:06:21","modified_gmt":"2012-09-07T19:06:21","slug":"istanbul-kutuphaneleri-yuruyor","status":"publish","type":"post","link":"https:\/\/www.bbyhaber.com\/bby\/2011\/03\/09\/istanbul-kutuphaneleri-yuruyor","title":{"rendered":"\u0130stanbul K\u00fct\u00fcphaneleri Y\u00fcr\u00fcyor"},"content":{"rendered":"<p style=\"text-align: justify;\" align=\"justify\">&#8220;Bu y\u0131l 47. sini kutlayaca\u011f\u0131m\u0131z K\u00fct\u00fcphane Haftas\u0131 etkinlikleri ge\u00e7en y\u0131l ilkini ger\u00e7ekle\u015ftirdi\u011fimiz &#8221; \u0130stiklal Caddesi Y\u00fcr\u00fcy\u00fc\u015f\u00fc&#8221; ile ba\u015fl\u0131yor.Y\u00fcr\u00fcy\u00fc\u015f 27 Mart 2011 Pazar g\u00fcn\u00fc saat 15.00\u2019te T\u00fcnel Meydan\u0131&#8217;nda ba\u015flayacak ve Taksim Atat\u00fcrk An\u0131t\u0131&#8217;na \u00e7elenk konulmas\u0131 ile son bulacak y\u00fcr\u00fcy\u00fc\u015f\u00fcn bu y\u0131l ki temas\u0131 \u201c\u0130STANBUL K\u00dcT\u00dcPHANELER\u0130 Y\u00dcR\u00dcYOR\u201d.<!--more--><\/p>\n<p style=\"text-align: justify;\" align=\"justify\">\u0130stanbul K\u00fct\u00fcphanelerinin ve mesle\u011fimizin halk nezdinde fark\u0131ndal\u0131\u011f\u0131n\u0131 artt\u0131rmak amac\u0131yla, meslekta\u015flar\u0131m\u0131z, yazarlar, \u00f6\u011frenciler, yay\u0131nevleri ve sivil toplum kurulu\u015flar\u0131n\u0131n geni\u015f kat\u0131l\u0131mlar\u0131yla B\u00fcy\u00fck\u015fehir Belediyesi Bandosu e\u015fli\u011finde ger\u00e7ekle\u015ftirilecek y\u00fcr\u00fcy\u00fc\u015f s\u0131ras\u0131nda korsan yay\u0131nc\u0131l\u0131\u011fa da dikkat \u00e7ekilmesi planlanmaktad\u0131r. Ayr\u0131ca ge\u00e7en y\u0131l oldu\u011fu gibi bu y\u0131l da y\u00fcr\u00fcy\u00fc\u015f s\u0131ras\u0131nda \u00e7evredekilere \u00e7e\u015fitli hediyeler da\u011f\u0131t\u0131lacakt\u0131r.<\/p>\n<p style=\"text-align: justify;\" align=\"justify\">\u0130stanbul\u2019da say\u0131lar\u0131 300\u2019den fazla olan k\u00fct\u00fcphaneleri g\u00f6r\u00fcn\u00fcr k\u0131lmay\u0131 ama\u00e7layan y\u00fcr\u00fcy\u00fc\u015fe k\u00fct\u00fcphanenizi isminizin yer alaca\u011f\u0131 \u015fubemiz taraf\u0131ndan haz\u0131rlanacak d\u00f6vizlerle kat\u0131lmaya davet ediyoruz. Y\u00fcr\u00fcy\u00fc\u015f\u00fcm\u00fcze katk\u0131 ve kat\u0131l\u0131m\u0131n\u0131z\u0131n k\u00fct\u00fcphanelerimiz ad\u0131na \u00e7ok \u00f6nemli olacakt\u0131r.T\u00fcm meslekta\u015flar\u0131m\u0131z\u0131, k\u00fct\u00fcphaneleri, arkada\u015flar\u0131, aileleri ve \u00f6\u011frencileri ile birlikte y\u00fcr\u00fcy\u00fc\u015f\u00fcm\u00fcze davet ediyoruz.&#8221;\u00a0<strong><\/strong><\/p>\n<p style=\"text-align: justify;\" align=\"justify\"><strong>15 Mart 2011<\/strong> tarihine kadar y\u00fcr\u00fcy\u00fc\u015fe kay\u0131t olmak i\u00e7in <a href=\"http:\/\/www.istanbulkutuphaneci.org\/kutuphanehaftasi\/basvuru\" target=\"_blank\">t\u0131klay\u0131n\u0131z.<\/a><\/p>\n<p style=\"text-align: justify;\">Kaynak: <a href=\"http:\/\/www.istanbulkutuphaneci.org\/\" target=\"_blank\">TKD \u0130stanbul \u015eubesi<\/a><\/p>\n","protected":false},"excerpt":{"rendered":"<p>&#8220;Bu y\u0131l 47. sini kutlayaca\u011f\u0131m\u0131z K\u00fct\u00fcphane Haftas\u0131 etkinlikleri ge\u00e7en y\u0131l ilkini ger\u00e7ekle\u015ftirdi\u011fimiz &#8221; \u0130stiklal Caddesi Y\u00fcr\u00fcy\u00fc\u015f\u00fc&#8221; ile ba\u015fl\u0131yor.Y\u00fcr\u00fcy\u00fc\u015f 27 Mart 2011 Pazar g\u00fcn\u00fc saat 15.00\u2019te T\u00fcnel Meydan\u0131&#8217;nda ba\u015flayacak ve Taksim Atat\u00fcrk An\u0131t\u0131&#8217;na \u00e7elenk konulmas\u0131 ile son bulacak y\u00fcr\u00fcy\u00fc\u015f\u00fcn bu y\u0131l ki temas\u0131 \u201c\u0130STANBUL K\u00dcT\u00dcPHANELER\u0130 Y\u00dcR\u00dcYOR\u201d.<\/p>\n","protected":false},"author":1,"featured_media":0,"comment_status":"open","ping_status":"open","sticky":false,"template":"","format":"standard","meta":{"footnotes":""},"categories":[1519],"tags":[1461],"class_list":["post-1033","post","type-post","status-publish","format-standard","hentry","category-47-kutuphane-haftasi","tag-kutuphane-haftasi"],"_links":{"self":[{"href":"https:\/\/www.bbyhaber.com\/bby\/wp-json\/wp\/v2\/posts\/1033"}],"collection":[{"href":"https:\/\/www.bbyhaber.com\/bby\/wp-json\/wp\/v2\/posts"}],"about":[{"href":"https:\/\/www.bbyhaber.com\/bby\/wp-json\/wp\/v2\/types\/post"}],"author":[{"embeddable":true,"href":"https:\/\/www.bbyhaber.com\/bby\/wp-json\/wp\/v2\/users\/1"}],"replies":[{"embeddable":true,"href":"https:\/\/www.bbyhaber.com\/bby\/wp-json\/wp\/v2\/comments?post=1033"}],"version-history":[{"count":0,"href":"https:\/\/www.bbyhaber.com\/bby\/wp-json\/wp\/v2\/posts\/1033\/revisions"}],"wp:attachment":[{"href":"https:\/\/www.bbyhaber.com\/bby\/wp-json\/wp\/v2\/media?parent=1033"}],"wp:term":[{"taxonomy":"category","embeddable":true,"href":"https:\/\/www.bbyhaber.com\/bby\/wp-json\/wp\/v2\/categories?post=1033"},{"taxonomy":"post_tag","embeddable":true,"href":"https:\/\/www.bbyhaber.com\/bby\/wp-json\/wp\/v2\/tags?post=1033"}],"curies":[{"name":"wp","href":"https:\/\/api.w.org\/{rel}","templated":true}]}}