{"id":10325,"date":"2013-03-19T16:39:25","date_gmt":"2013-03-19T14:39:25","guid":{"rendered":"http:\/\/www.bbyhaber.com\/bby\/?p=10325"},"modified":"2013-03-19T16:39:25","modified_gmt":"2013-03-19T14:39:25","slug":"marmara-universitesinden-bogazliyana-kutuphane","status":"publish","type":"post","link":"https:\/\/www.bbyhaber.com\/bby\/2013\/03\/19\/marmara-universitesinden-bogazliyana-kutuphane","title":{"rendered":"Marmara \u00dcniversitesi&#8217;nden Bo\u011fazl\u0131yan&#8217;a k\u00fct\u00fcphane"},"content":{"rendered":"<p style=\"text-align: justify;\">Marmara \u00dcniversitesi Sosyal Sorumluluk Kul\u00fcb\u00fc \u00f6\u011frencileri, Yozgat\u2019\u0131n Bo\u011fazl\u0131yan il\u00e7esine ba\u011fl\u0131 Ovakent Atat\u00fcrk \u0130lkokulu&#8217;na k\u00fct\u00fcphane kuracak.\u00a0 &#8216;Sosyal Sorumluluk Kul\u00fcb\u00fc&#8217; olarak ama\u00e7lar\u0131n\u0131n k\u00f6y \u00e7ocuklar\u0131n\u0131n okumalar\u0131n\u0131 te\u015fvik etmek oldu\u011funu s\u00f6yleyen \u00f6\u011frencilerden Muhammet Erkam Avc\u0131, T\u00fcrkiye\u2019de bulunan k\u00f6y ve beldeleri ziyaret ettiklerini belirterek, bug\u00fcn de Yozgat\u2019\u0131n Ovakent\u2019i ziyaret ettiklerini s\u00f6yledi.<!--more--><\/p>\n<p style=\"text-align: justify;\">\u00dcniversite \u00f6\u011frencileri daha sonra ilkokul \u00f6\u011frencileri ile birlikte oyun oynad\u0131, okulu gezerek, okul yetkililerinden bilgi ald\u0131. Okul yetkilileri ise \u00fcniversite \u00f6\u011frencilerinin bu t\u00fcr ziyaretlerinin ilkokul \u00f6\u011frencilerinin okuma motivasyonunu daha da art\u0131rmas\u0131 y\u00f6n\u00fcnde olumlu fayda sa\u011flayaca\u011f\u0131na inand\u0131klar\u0131n\u0131 ifade etti. Yetkililer, \u00fcniversite \u00f6\u011frencilerine ziyaretlerinden dolay\u0131 te\u015fekk\u00fcr etti.<\/p>\n<p style=\"text-align: justify;\">Kaynak: http:\/\/www.haberler.com<\/p>\n","protected":false},"excerpt":{"rendered":"<p>Marmara \u00dcniversitesi Sosyal Sorumluluk Kul\u00fcb\u00fc \u00f6\u011frencileri, Yozgat\u2019\u0131n Bo\u011fazl\u0131yan il\u00e7esine ba\u011fl\u0131 Ovakent Atat\u00fcrk \u0130lkokulu&#8217;na k\u00fct\u00fcphane kuracak.\u00a0 &#8216;Sosyal Sorumluluk Kul\u00fcb\u00fc&#8217; olarak ama\u00e7lar\u0131n\u0131n k\u00f6y \u00e7ocuklar\u0131n\u0131n okumalar\u0131n\u0131 te\u015fvik etmek oldu\u011funu s\u00f6yleyen \u00f6\u011frencilerden Muhammet Erkam Avc\u0131, T\u00fcrkiye\u2019de bulunan k\u00f6y ve beldeleri ziyaret ettiklerini belirterek, bug\u00fcn de Yozgat\u2019\u0131n Ovakent\u2019i ziyaret ettiklerini s\u00f6yledi.<\/p>\n","protected":false},"author":1,"featured_media":0,"comment_status":"open","ping_status":"open","sticky":false,"template":"","format":"standard","meta":{"footnotes":""},"categories":[1],"tags":[],"class_list":["post-10325","post","type-post","status-publish","format-standard","hentry","category-genel"],"_links":{"self":[{"href":"https:\/\/www.bbyhaber.com\/bby\/wp-json\/wp\/v2\/posts\/10325"}],"collection":[{"href":"https:\/\/www.bbyhaber.com\/bby\/wp-json\/wp\/v2\/posts"}],"about":[{"href":"https:\/\/www.bbyhaber.com\/bby\/wp-json\/wp\/v2\/types\/post"}],"author":[{"embeddable":true,"href":"https:\/\/www.bbyhaber.com\/bby\/wp-json\/wp\/v2\/users\/1"}],"replies":[{"embeddable":true,"href":"https:\/\/www.bbyhaber.com\/bby\/wp-json\/wp\/v2\/comments?post=10325"}],"version-history":[{"count":0,"href":"https:\/\/www.bbyhaber.com\/bby\/wp-json\/wp\/v2\/posts\/10325\/revisions"}],"wp:attachment":[{"href":"https:\/\/www.bbyhaber.com\/bby\/wp-json\/wp\/v2\/media?parent=10325"}],"wp:term":[{"taxonomy":"category","embeddable":true,"href":"https:\/\/www.bbyhaber.com\/bby\/wp-json\/wp\/v2\/categories?post=10325"},{"taxonomy":"post_tag","embeddable":true,"href":"https:\/\/www.bbyhaber.com\/bby\/wp-json\/wp\/v2\/tags?post=10325"}],"curies":[{"name":"wp","href":"https:\/\/api.w.org\/{rel}","templated":true}]}}