{"id":10323,"date":"2013-03-19T16:37:02","date_gmt":"2013-03-19T14:37:02","guid":{"rendered":"http:\/\/www.bbyhaber.com\/bby\/?p=10323"},"modified":"2013-03-19T16:37:02","modified_gmt":"2013-03-19T14:37:02","slug":"usak-universitesinden-koy-okullarina-kutuphane-kampanyasi","status":"publish","type":"post","link":"https:\/\/www.bbyhaber.com\/bby\/2013\/03\/19\/usak-universitesinden-koy-okullarina-kutuphane-kampanyasi","title":{"rendered":"U\u015fak \u00dcniversitesi&#8217;nden k\u00f6y okullar\u0131na k\u00fct\u00fcphane kampanyas\u0131"},"content":{"rendered":"<p style=\"text-align: justify;\">U\u015fak \u00dcniversitesi \u00d6\u011frenci Konseyi, k\u00f6y okullar\u0131na k\u00fct\u00fcphane projesini hayata ge\u00e7irdi. Konsey Ba\u015fkan\u0131 Seyfullah Aka, yapt\u0131\u011f\u0131 a\u00e7\u0131klamada insana yap\u0131lan yat\u0131r\u0131m en \u00f6nemli yat\u0131r\u0131m oldu\u011fu d\u00fc\u015f\u00fcncesinden yola \u00e7\u0131karak, k\u00f6y okullar\u0131na k\u00fct\u00fcphane kazand\u0131rmak istediklerini s\u00f6yledi. Ama\u00e7lar\u0131n\u0131n k\u00f6ylerdeki k\u00fct\u00fcphanelere katk\u0131 sa\u011flamak ve merkeze uzak yerle\u015fim yerlerindeki \u00f6\u011frencilerin de faydalanabilece\u011fi k\u00fct\u00fcphaneler kurmak oldu\u011funu belirten Aka, &#8220;Bir \u00e7ocuk i\u00e7in kitap, hayat demektir.<!--more--> &#8216;Sen de bir \u00e7ocu\u011fumuza hayat ver&#8217; slogan\u0131yla yola \u00e7\u0131kt\u0131k. Kampanya boyunca 10 bin kitap toplamay\u0131 hedefliyoruz. U\u015fak \u00dcniversitesi&#8217;nin t\u00fcm fak\u00fcltelerine ve meslek y\u00fcksekokullar\u0131na, &#8216;Hayat Kutusu&#8217; ad\u0131n\u0131 verdi\u011fimiz kitap toplama kutular\u0131 koyduk. Herkesi kitap ba\u011f\u0131\u015flamaya davet ediyoruz.&#8221; dedi.<\/p>\n<p>Hayat kutular\u0131na ilk ba\u011f\u0131\u015fta bulunan U\u015fak \u00dcniversitesi Rekt\u00f6r Yard\u0131mc\u0131s\u0131 Prof. Dr. Say\u0131n Dalk\u0131ran ise b\u00f6yle bir projenin \u00fcniversite taraf\u0131ndan yap\u0131lmas\u0131n\u0131n gurur verici oldu\u011funu ifade etti. Dalk\u0131ran, &#8220;Bilim ve teknoloji \u00e7a\u011f\u0131nda okumak \u00e7ok \u00f6nemli. Dinimizin ilk emri &#8216;Oku&#8217; olmu\u015ftur. Millet olarak muas\u0131r medeniyetler seviyesine, okuyarak ve bilimsel ara\u015ft\u0131rmalar yaparak \u00e7\u0131kar\u0131z.&#8221; \u015feklinde konu\u015ftu. Ba\u011f\u0131\u015f yapanlardan biri olan U\u015fak \u00dcniversitesi Genel Sekteri Yrd. Do\u00e7. Dr. Adil Karaman da bu t\u00fcr projeleri desteklediklerini ve yayg\u0131nla\u015fmas\u0131 gerekti\u011fini s\u00f6yledi.<\/p>\n<p style=\"text-align: justify;\">Kaynak: http:\/\/www.timeturk.com<\/p>\n","protected":false},"excerpt":{"rendered":"<p>U\u015fak \u00dcniversitesi \u00d6\u011frenci Konseyi, k\u00f6y okullar\u0131na k\u00fct\u00fcphane projesini hayata ge\u00e7irdi. Konsey Ba\u015fkan\u0131 Seyfullah Aka, yapt\u0131\u011f\u0131 a\u00e7\u0131klamada insana yap\u0131lan yat\u0131r\u0131m en \u00f6nemli yat\u0131r\u0131m oldu\u011fu d\u00fc\u015f\u00fcncesinden yola \u00e7\u0131karak, k\u00f6y okullar\u0131na k\u00fct\u00fcphane kazand\u0131rmak istediklerini s\u00f6yledi. Ama\u00e7lar\u0131n\u0131n k\u00f6ylerdeki k\u00fct\u00fcphanelere katk\u0131 sa\u011flamak ve merkeze uzak yerle\u015fim yerlerindeki \u00f6\u011frencilerin de faydalanabilece\u011fi k\u00fct\u00fcphaneler kurmak oldu\u011funu belirten Aka, &#8220;Bir \u00e7ocuk i\u00e7in kitap, hayat [&hellip;]<\/p>\n","protected":false},"author":1,"featured_media":0,"comment_status":"open","ping_status":"open","sticky":false,"template":"","format":"standard","meta":{"footnotes":""},"categories":[1,1498],"tags":[],"class_list":["post-10323","post","type-post","status-publish","format-standard","hentry","category-genel","category-koy-kutuphaneleri"],"_links":{"self":[{"href":"https:\/\/www.bbyhaber.com\/bby\/wp-json\/wp\/v2\/posts\/10323"}],"collection":[{"href":"https:\/\/www.bbyhaber.com\/bby\/wp-json\/wp\/v2\/posts"}],"about":[{"href":"https:\/\/www.bbyhaber.com\/bby\/wp-json\/wp\/v2\/types\/post"}],"author":[{"embeddable":true,"href":"https:\/\/www.bbyhaber.com\/bby\/wp-json\/wp\/v2\/users\/1"}],"replies":[{"embeddable":true,"href":"https:\/\/www.bbyhaber.com\/bby\/wp-json\/wp\/v2\/comments?post=10323"}],"version-history":[{"count":0,"href":"https:\/\/www.bbyhaber.com\/bby\/wp-json\/wp\/v2\/posts\/10323\/revisions"}],"wp:attachment":[{"href":"https:\/\/www.bbyhaber.com\/bby\/wp-json\/wp\/v2\/media?parent=10323"}],"wp:term":[{"taxonomy":"category","embeddable":true,"href":"https:\/\/www.bbyhaber.com\/bby\/wp-json\/wp\/v2\/categories?post=10323"},{"taxonomy":"post_tag","embeddable":true,"href":"https:\/\/www.bbyhaber.com\/bby\/wp-json\/wp\/v2\/tags?post=10323"}],"curies":[{"name":"wp","href":"https:\/\/api.w.org\/{rel}","templated":true}]}}