{"id":10315,"date":"2013-03-19T13:22:49","date_gmt":"2013-03-19T11:22:49","guid":{"rendered":"http:\/\/www.bbyhaber.com\/bby\/?p=10315"},"modified":"2014-04-22T11:21:21","modified_gmt":"2014-04-22T08:21:21","slug":"ali-fuat-kartaldan-kutuphane-haftasi-kutlama-mesaji","status":"publish","type":"post","link":"https:\/\/www.bbyhaber.com\/bby\/2013\/03\/19\/ali-fuat-kartaldan-kutuphane-haftasi-kutlama-mesaji","title":{"rendered":"Ali Fuat Kartal&#8217;dan K\u00fct\u00fcphane Haftas\u0131 Kutlama Mesaj\u0131"},"content":{"rendered":"<p style=\"text-align: justify;\"><img loading=\"lazy\" decoding=\"async\" class=\"alignleft\" src=\"http:\/\/kutuphaneci.org.tr\/sites\/default\/files\/kartal.jpg\" alt=\"\" width=\"198\" height=\"243\" \/>Bir haftad\u0131r adeta bayrama haz\u0131rlan\u0131r gibi <strong>\u201cK\u00fct\u00fcphane Haftas\u0131, K\u00fct\u00fcphanecilerin Bayram\u0131d\u0131r\u201d <\/strong>K\u00fct\u00fcphane Haftas\u0131\u2019na haz\u0131rlan\u0131yoruz. Haftam\u0131z\u0131n temas\u0131 \u201cYenile\u015fim ve K\u00fct\u00fcphaneciler\u201d k\u00fct\u00fcphaneciler de\u011fi\u015fti k\u00fct\u00fcphanecilik de\u011fi\u015fmekte ve fakat bilgiyi toplumsal alg\u0131lay\u0131\u015f\u0131m\u0131z\/anlay\u0131\u015f\u0131m\u0131z de\u011fi\u015fmiyor. Zaten toplumlar\u0131n \u2018geli\u015fmi\u015flik\u2019 d\u00fczeyini de \u2018bilgiye yakla\u015f\u0131m bi\u00e7imi\u2019 belirliyor.<!--more--><\/p>\n<p style=\"text-align: justify;\">\u0130\u015fte bu y\u00fczden \u00f6nce Milli K\u00fct\u00fcphane Ba\u015fkan\u0131m\u0131z Say\u0131n Tuncel Acar bakanl\u0131k m\u00fcfetti\u015flerinin soru\u015fturmas\u0131 bahane edilerek g\u00f6revden al\u0131nd\u0131 ve yerine, <strong>\u2018k\u00fct\u00fcphaneci olmayan biri\u2019<\/strong> atand\u0131.<\/p>\n<p style=\"text-align: justify;\">Sonra K\u00fct\u00fcphaneler ve Yay\u0131mlar Genel M\u00fcd\u00fcr\u00fc g\u00f6revden al\u0131nd\u0131 yerine, <strong>\u2018k\u00fct\u00fcphaneci olmayan biri\u2019<\/strong> atand\u0131.<\/p>\n<p style=\"text-align: justify;\">\u015eimdide Milli K\u00fct\u00fcphane Ba\u015fkan Yard\u0131mc\u0131s\u0131 Say\u0131n G\u00f6n\u00fcl B\u00fcy\u00fcklimanl\u0131 emeklili\u011fine bir ay kala g\u00f6revden al\u0131nd\u0131 yerine, <strong>\u2018k\u00fct\u00fcphaneci olmayan biri\u2019<\/strong> atand\u0131.<\/p>\n<p style=\"text-align: justify;\">Ben de T\u00fcrk K\u00fct\u00fcphaneciler Derne\u011fi Genel Ba\u015fkan\u0131 olarak meslekta\u015flar\u0131m\u0131n bayram\u0131n\u0131 daha fazla kararmadan kutlamak istedim.<\/p>\n<p style=\"text-align: justify;\">Sayg\u0131lar\u0131mla.<\/p>\n<p style=\"text-align: justify;\">\u00a0Ali Fuat Kartal<\/p>\n<p style=\"text-align: justify;\"><span style=\"font-size: small;\"><span style=\"font-family: Times New Roman;\"> TKD Genel Ba\u015fkan\u0131<\/span><\/span><span style=\"color: #888888;\"><br clear=\"all\" \/><\/span><\/p>\n","protected":false},"excerpt":{"rendered":"<p>Bir haftad\u0131r adeta bayrama haz\u0131rlan\u0131r gibi \u201cK\u00fct\u00fcphane Haftas\u0131, K\u00fct\u00fcphanecilerin Bayram\u0131d\u0131r\u201d K\u00fct\u00fcphane Haftas\u0131\u2019na haz\u0131rlan\u0131yoruz. Haftam\u0131z\u0131n temas\u0131 \u201cYenile\u015fim ve K\u00fct\u00fcphaneciler\u201d k\u00fct\u00fcphaneciler de\u011fi\u015fti k\u00fct\u00fcphanecilik de\u011fi\u015fmekte ve fakat bilgiyi toplumsal alg\u0131lay\u0131\u015f\u0131m\u0131z\/anlay\u0131\u015f\u0131m\u0131z de\u011fi\u015fmiyor. Zaten toplumlar\u0131n \u2018geli\u015fmi\u015flik\u2019 d\u00fczeyini de \u2018bilgiye yakla\u015f\u0131m bi\u00e7imi\u2019 belirliyor.<\/p>\n","protected":false},"author":1,"featured_media":0,"comment_status":"open","ping_status":"open","sticky":false,"template":"","format":"standard","meta":{"footnotes":""},"categories":[1474,1],"tags":[],"class_list":["post-10315","post","type-post","status-publish","format-standard","hentry","category-ali-fuat-kartal","category-genel"],"_links":{"self":[{"href":"https:\/\/www.bbyhaber.com\/bby\/wp-json\/wp\/v2\/posts\/10315"}],"collection":[{"href":"https:\/\/www.bbyhaber.com\/bby\/wp-json\/wp\/v2\/posts"}],"about":[{"href":"https:\/\/www.bbyhaber.com\/bby\/wp-json\/wp\/v2\/types\/post"}],"author":[{"embeddable":true,"href":"https:\/\/www.bbyhaber.com\/bby\/wp-json\/wp\/v2\/users\/1"}],"replies":[{"embeddable":true,"href":"https:\/\/www.bbyhaber.com\/bby\/wp-json\/wp\/v2\/comments?post=10315"}],"version-history":[{"count":0,"href":"https:\/\/www.bbyhaber.com\/bby\/wp-json\/wp\/v2\/posts\/10315\/revisions"}],"wp:attachment":[{"href":"https:\/\/www.bbyhaber.com\/bby\/wp-json\/wp\/v2\/media?parent=10315"}],"wp:term":[{"taxonomy":"category","embeddable":true,"href":"https:\/\/www.bbyhaber.com\/bby\/wp-json\/wp\/v2\/categories?post=10315"},{"taxonomy":"post_tag","embeddable":true,"href":"https:\/\/www.bbyhaber.com\/bby\/wp-json\/wp\/v2\/tags?post=10315"}],"curies":[{"name":"wp","href":"https:\/\/api.w.org\/{rel}","templated":true}]}}