{"id":10289,"date":"2013-03-16T21:12:01","date_gmt":"2013-03-16T19:12:01","guid":{"rendered":"http:\/\/www.bbyhaber.com\/bby\/?p=10289"},"modified":"2013-03-29T10:12:10","modified_gmt":"2013-03-29T08:12:10","slug":"kitap-okuyoruz-201381-ilde-kitap-okuma-etkinligi27-mart-20131230-1300","status":"publish","type":"post","link":"https:\/\/www.bbyhaber.com\/bby\/2013\/03\/16\/kitap-okuyoruz-201381-ilde-kitap-okuma-etkinligi27-mart-20131230-1300","title":{"rendered":"K\u0130TAP OKUYORUZ 2013\/81 \u0130lde Kitap Okuma Etkinli\u011fi\/27 Mart 2013\/12:30-13:00"},"content":{"rendered":"<p style=\"text-align: justify;\">72 \u0130l\u2019de 111 ayr\u0131 merkezde ve K\u0131br\u0131s Girne\u2019de 27 Mart \u00c7ar\u015famba g\u00fcn\u00fc saat 12.30-13.00 saatleri aras\u0131 hep birlikte kitap okuyaca\u011f\u0131z. Ge\u00e7en y\u0131l ilkini d\u00fczenledi\u011fimiz Kitap Okuyoruz etkinili\u011fi Valilerimizin, Belediye Ba\u015fkanlar\u0131m\u0131z ve kamu g\u00f6revlilerinin deste\u011fi ve kat\u0131l\u0131m\u0131yla 50 \u0130lde, 60 Meydan&#8217;da 12.30-13.00 saatleri aras\u0131nda 30 dakika kitap okuma etkinli\u011fi ger\u00e7ekle\u015ftirmi\u015ftik.<!--more--><\/p>\n<p style=\"text-align: justify;\">T\u00fcrk K\u00fct\u00fcphaneciler Derne\u011fi olarak Okuyan T\u00fcrkiye idealimiz i\u00e7in \u00e7al\u0131\u015fmalar\u0131m\u0131za devam ediyoruz. \u0130lkini ba\u015far\u0131yla ger\u00e7ekle\u015ftirdi\u011fimiz kitap okuma etkinli\u011finin toplumda etki yaratt\u0131\u011f\u0131n\u0131, yerel ve ulusal bas\u0131n\u0131n etkinli\u011fe ilgi g\u00f6stererek medyada geni\u015f yer bulmas\u0131 Okuma K\u00fclt\u00fcr\u00fcn\u00fcn t\u00fcm topluma yayg\u0131nla\u015fmas\u0131 i\u00e7in \u00f6nemli bir ba\u015flang\u0131\u00e7t\u0131.<\/p>\n<p>Okuma haritam\u0131zdaki karanl\u0131klar ayd\u0131nlana kadar, k\u00fct\u00fcphane, okuma istatistiklerimiz geli\u015fmi\u015f \u00fclkelerin seviyesine gelene kadar \u00fczerimize d\u00fc\u015fen g\u00f6rev ve sorumluluklar\u0131m\u0131z\u0131n bilincinde olarak \u00e7al\u0131\u015fmalar\u0131m\u0131za h\u0131z kesmeden devam edece\u011fiz. Bu y\u0131l daha kat\u0131l\u0131mc\u0131 ve yayg\u0131n \u015fekilde 72 \u0130l\u2019de 111 ayr\u0131 merkezde ve K\u0131br\u0131s Girne\u2019de 27 Mart \u00c7ar\u015famba g\u00fcn\u00fc saat 12.30-13.00 saatleri aras\u0131 hep birlikte kitap okuyaca\u011f\u0131z.<\/p>\n<p style=\"text-align: justify;\">Toplumun kitap ve k\u00fct\u00fcphaneye ilgisini \u00e7ekmek, toplumda okuma al\u0131\u015fkanl\u0131\u011f\u0131 konusunda fark\u0131ndal\u0131k yaratmak i\u00e7in; k\u00fct\u00fcphaneciler, bilgi ve belge y\u00f6netimi b\u00f6l\u00fcm\u00fc \u00f6\u011frencileri, akademisyenler, yazarlar, \u00e7izerler, yay\u0131nc\u0131lar, okurlar ve kamu y\u00f6neticileri, payda\u015f STK\u2019lar ile hep birlikte meydanlarda kitap okuyaca\u011f\u0131z.<\/p>\n<p>Kitap Okuyoruz 2013 etkinli\u011fine t\u00fcm yurtta\u015flar\u0131m\u0131z\u0131 B\u0130RL\u0130KTE K\u0130TAP OKUMAYA davet ediyoruz.<\/p>\n<p><span style=\"color: #ff0000;\"><strong>K\u0130TAP OKUNACAK\u00a0 \u0130LLER-\u0130L\u00c7ELER MERKEZLER<\/strong><\/span><\/p>\n<p>Adana: Sabanc\u0131 Cami Yan\u0131 Merkez Park<br \/>\nAd\u0131yaman: Demokrasi Park\u0131<br \/>\nAd\u0131yaman Kahta: K\u00fclt\u00fcr Merkezi Bah\u00e7esi<br \/>\nAfyon: Ye\u015fil Park Meydan\u0131<br \/>\nAksaray: \u0130l Halk K\u00fct\u00fcphanesi Bah\u00e7esi<br \/>\nAnkara: Abdi \u0130pek\u00e7i Park\u0131<br \/>\nAnkara 2: Orta Do\u011fu Teknik \u00dcniversitesi K\u00fct\u00fcphane \u00d6n\u00fc<br \/>\nAnkara 3: Bilkent \u00dcniversitesi K\u00fct\u00fcphanesi K\u00fct\u00fcphane ve Rekt\u00f6rl\u00fck Aras\u0131<br \/>\nAnkara 4: ODT\u00dc Geli\u015ftirme Vakf\u0131 \u0130\u00d6O ve Orta\u00f6\u011fretim Okulu Bah\u00e7esi<br \/>\nAnkara 5: Turgut \u00d6zal \u00dcniversitesi Bah\u00e7esi<br \/>\nAnkara 6: Bilim \u00d6zel Okullar\u0131 Bah\u00e7esi<br \/>\nAntalya: Cumhuriyet Meydan\u0131<br \/>\nAntalya Elmal\u0131: Elmal\u0131 Cumhuriyet Meydan\u0131<br \/>\nAntalya Manavgat: Manavgat Cumhuriyet Meydan\u0131<br \/>\nAntalya Alanya: Alanya Bah\u00e7e\u015fehir Koleji Bah\u00e7esi<br \/>\nArdahan: \u0130l Halk K\u00fct\u00fcphanesi \u00d6n\u00fc<br \/>\nArtvin: Bimark Havuz Meydan\u0131<br \/>\nAyd\u0131n: \u0130l Halk K\u00fct\u00fcphanesi \u00d6n\u00fc<br \/>\nAyd\u0131n \u00c7ine: Cumhuriyet Meydan\u0131 H\u00fck\u00fcmet Kona\u011f\u0131 \u00d6n\u00fc<br \/>\nBal\u0131kesir: Valilik \u00d6n\u00fc<br \/>\nBal\u0131kesir Burhaniye: Cumhuriyet Meydan\u0131<br \/>\nBal\u0131kesir Band\u0131rma: Band\u0131rma Denizbank-Palas Kahve \u00d6n\u00fc-Meydan<br \/>\nBal\u0131kesir Ayval\u0131k: Cumhuriyet Meydan\u0131<br \/>\nBart\u0131n: Meteoroloji M\u00fcd\u00fcrl\u00fc\u011f\u00fc Bah\u00e7esi<br \/>\nBart\u0131n Ulus: Cumhuriyet Meydan\u0131 ve K\u00fct\u00fcphane \u00d6n\u00fc<br \/>\nBatman: Batman \u00dcniv. Merkez Kampus Testili Park<br \/>\nBatman 2: G\u00fclistan Caddesi Giri\u015fi<br \/>\nBayburt: Bayburt \u00dcniversitesi E\u011fitim Fak\u00fcltesi Kamp\u00fcs \u00d6n\u00fc<br \/>\nBatman 3: Atat\u00fcrk Park\u0131 \u00d6n\u00fc<br \/>\nBilecik: \u00dcniversite Kamp\u00fcs\u00fc<br \/>\nBing\u00f6l: K\u00fclt\u00fcr Merkezi Bah\u00e7esi<br \/>\nBitlis: G\u00f6kmeydan\u0131<br \/>\nBolu: Abant \u0130zzet Baysal \u00dcniversitesi Kamp\u00fcs\u00fc<br \/>\nBurdur: Cumhuriyet Meydan\u0131<br \/>\nBursa: Heykel \u00d6n\u00fcnde<br \/>\n\u00c7anakkale: T\u00fcrkan Saylan Sosyal Tesisleri- \u00c7ay Bah\u00e7esi ve Kordon<br \/>\n\u00c7orum: K\u00fclt\u00fcr Sitesi \u00d6n\u00fc<br \/>\nDenizli: K\u00fcnar Meydan\u0131<br \/>\nDenizli Ac\u0131payam: Tanyeri Park\u0131<br \/>\nDiyarbak\u0131r: Sanat Soka\u011f\u0131<br \/>\nD\u00fczce: Atat\u00fcrk An\u0131t\u0131<br \/>\nEdirne: Sara\u00e7lar \u00c7ar\u015f\u0131s\u0131<br \/>\nElaz\u0131\u011f: Pastane \u00d6n\u00fc<br \/>\nErzincan: D\u00f6rt Yol<br \/>\nErzurum: Yakutiye Medresesi \u00d6n\u00fc<br \/>\nEski\u015fehir: Okuma Bah\u00e7esi<br \/>\nGaziantep: \u015eahinbey \u0130l\u00e7e Halk K\u00fct\u00fcphanesi \u00d6n\u00fc<br \/>\nGiresun: Atat\u00fcrk Meydan\u0131<br \/>\nHakkari: Atat\u00fcrk K\u00fclt\u00fcr Merkezi \u00d6n\u00fc<br \/>\nHatay: Mustafa Kemal \u00dcniversitesi K\u00fct\u00fcphane \u00d6n\u00fc<br \/>\nI\u011fd\u0131r: Meydan \u00c7ay Bah\u00e7esi<br \/>\n\u0130sparta: 106 Cadde No: 31<br \/>\n\u0130stanbul: Galatasaray Lisesi \u00d6n\u00fc<br \/>\n\u0130stanbul 2: \u00dcsk\u00fcdar Semsipa\u015fa \u0130l\u00e7e Halk K\u00fct\u00fcphanesi Organizasyonu \/Selimiye Park\u0131<br \/>\n\u0130stanbul 3: Plato Meslek Y\u00fcsek Okulu Balat\/Fatih-Eski Galata K\u00f6pr\u00fcs\u00fc \u00dcst\u00fc<br \/>\n\u0130stanbul 4: M.\u00dc Beden E\u011fitimi ve Spor Y\u00fcksek Okulu-Anadolu Hisar\u0131 Kampusu<br \/>\n\u0130stanbul 5: Marmara\u00a0 \u00dcniversitesi G\u00f6ztepe Yerle\u015fkesi Atat\u00fcrk Heykeli \u00d6n\u00fc<br \/>\n\u0130stanbul 6: \u00d6zye\u011fin \u00dcniversitesi \u00d6\u011frenci Merkezi K\u00fct\u00fcphane \u00d6n\u00fc Fuaye<br \/>\n\u0130stanbul 7: \u0130stanbul Sabahattin Zaim \u00dcniversitesi \u0130\u00e7 Bah\u00e7e<br \/>\n\u0130stanbul 8: \u0130stanbul \u015ei\u015fli Meslek Y\u00fcksekokulu Cevahir Al\u0131\u015fveri\u015fi Merkezi \u00d6n\u00fc<br \/>\n\u0130stanbul 9: FMV Erenk\u00f6y \u00d6zel I\u015f\u0131k Okulu Kamp\u00fcs\u00fc<br \/>\n\u0130zmir: Konak Saat Kulesi\/Konak Meydan<br \/>\n\u0130zmir Bornova: Bornova B\u00fcy\u00fck Park<br \/>\n\u0130zmir Kar\u015f\u0131yaka: Kar\u015f\u0131yaka \u00c7ar\u015f\u0131\u00a0 Giri\u015fi<br \/>\nKarab\u00fck: Belediye \u00d6n\u00fc, H\u00fcrriyet Caddesi<br \/>\nKaraman: Kayserilio\u011flu Halk K\u00fct\u00fcphanesi Meydan\u0131<br \/>\nKars: K\u00fct\u00fcphane \u00d6n\u00fc<br \/>\nKastamonu: Cumhuriyet Meydan\u0131<br \/>\nK\u0131r\u0131kkale: Cumhuriyet Meydan\u0131<br \/>\nK\u0131rklareli: Atat\u00fcrk Heykeli-Vilayet Meydan\u0131<br \/>\nK\u0131r\u015fehir: Saat Kulesi<br \/>\nKilis: Cumhuriyet Meydan\u0131<br \/>\nKocaeli: Sabanc\u0131 K\u00fclt\u00fcr Sitesi Bah\u00e7esi<br \/>\nKonya: K\u00fclt\u00fcr Park\u0131<br \/>\nK\u00fctahya: K\u00fctahya Valili\u011fi \u00d6n\u00fc<br \/>\nMalatya: Emekliler Park\u0131<br \/>\nMalatya Darende: Yenik\u00f6y K\u00f6y Kona\u011f\u0131<br \/>\nManisa: Manolya Meydan\u0131<br \/>\nMardin: Karayollar\u0131 Park\u0131<br \/>\nMersin: \u0130stasyon Meydan\u0131<br \/>\nMersin Anamur: Eski Cumhuriyet Meydan\u0131<br \/>\nMersin Erdemli: ODT\u00dc Deniz Bilimleri Enstit\u00fcs\u00fc Kafeterya \u00d6n\u00fc<br \/>\nMersin Yenice: \u00c7a\u011f Koleji \u00d6n ve Arka Bah\u00e7e<br \/>\nMu\u011fla: Bodrum Cevat \u015eakir \u0130l\u00e7e Halk K\u00fct\u00fcphanesi \u00d6n\u00fc Mahvel Cafe<br \/>\nMu\u011fla: Mu\u011fla \u0130l Halk K\u00fct\u00fcphanesi Bah\u00e7esi<br \/>\nNev\u015fehir: G\u00fclbah\u00e7e Park\u0131<br \/>\nNi\u011fde: \u0130l K\u00fclt\u00fcr Merkezi \u00d6n\u00fc<br \/>\nOrdu: Park Alan\u0131<br \/>\nOsmaniye: 328 AVM<br \/>\nRize: Rize Merkez Deniz Caddesi<br \/>\nSakarya: Atat\u00fcrk Bulvar\u0131 AKM \u00d6n\u00fc<br \/>\nSamsun: Ondokuz May\u0131s \u00dcniversitesi T\u0131p Fak\u00fcltesi Derslikler \u00d6n\u00fc<br \/>\nSiirt: Atat\u00fcrk Stadyumu<br \/>\nSinop: Sinop M\u00fczesi Bah\u00e7esi<br \/>\nSivas: \u00c7ark Meydan\u0131<br \/>\n\u015eanl\u0131urfa: Cengiz Topel Meydan\u0131<br \/>\nTekirda\u011f: Tu\u011flal\u0131 Park<br \/>\nTokat: Cumhuriyet Meydan\u0131<br \/>\nTokat Zile: K\u0131nal\u0131 Ali Park\u0131<br \/>\nTrabzon: Meydan<br \/>\nTunceli: \u0130l K\u00fclt\u00fcr Turizm M\u00fcd\u00fcrl\u00fc\u011f\u00fc Bah\u00e7esi<br \/>\nU\u015fak: H\u00fck\u00fcmet Meydan\u0131<br \/>\nYalova: Bahane Cafe Belediye \u00d6n\u00fc<br \/>\nYozgat: Cumhuriyet Meydan\u0131<br \/>\nZonguldak: Valilik \u00d6n\u00fc<br \/>\nZonguldak \u00c7aycuma \u0130l\u00e7esi: \u00d6\u011fretmenevi \u00d6n\u00fc<br \/>\nZonguldak Kdz. Ere\u011fli Sahil Band\u0131ndaki Herk\u00fcl Heykeli \u00c7evresi<\/p>\n<p>Kuzey K\u0131br\u0131s T\u00fcrk Cumhuriyeti 20 Temmuz Kordonboyu Caddesi Girne Atat\u00fcrk An\u0131t\u0131 \u00d6n\u00fc<\/p>\n<p><span style=\"color: #ff0000;\"><strong>K\u0130TAP OKUYORUZ 2013 Destekleyen Kurumlar<\/strong><\/span><\/p>\n<p style=\"text-align: justify;\">K\u0131br\u0131s T\u00fcrk K\u00fct\u00fcphaneciler Derne\u011fi(KTKD), Okul K\u00fct\u00fcphanecileri Derne\u011fi(OKD), \u00dcniversite ve Ara\u015ft\u0131rma K\u00fct\u00fcphanecileri Derne\u011fi (\u00dcNAK), Gen\u00e7 \u00dcNAK, K\u00fclt\u00fcr Payla\u015f\u0131m Platformu, Balkan \u00dclkeleri K\u00fct\u00fcphaneler Birli\u011fi,\u00a0 KAR Toplumsal D\u00f6n\u00fc\u015f\u00fcm Derne\u011fi, Toplum G\u00f6n\u00fcll\u00fcleri Vakf\u0131 (TOG), T\u00fcrkiye Yay\u0131nc\u0131lar Birli\u011fi(TYB), Bas\u0131n Yay\u0131n Birli\u011fi, \u00c7ocuk Vakf\u0131, Edebiyat\u00e7\u0131lar Derne\u011fi, Bu\u011fday Ekolojik Ya\u015fam\u0131 Destekleme Derne\u011fi, Bir Dolap Kitap, SabitFikir Dergisi, \u00c7izgi Roman Okurlar\u0131 Platformu(\u00c7ROP)<\/p>\n<p>Kaynak:Ayd\u0131n \u0130LER\u0130<\/p>\n","protected":false},"excerpt":{"rendered":"<p>72 \u0130l\u2019de 111 ayr\u0131 merkezde ve K\u0131br\u0131s Girne\u2019de 27 Mart \u00c7ar\u015famba g\u00fcn\u00fc saat 12.30-13.00 saatleri aras\u0131 hep birlikte kitap okuyaca\u011f\u0131z. Ge\u00e7en y\u0131l ilkini d\u00fczenledi\u011fimiz Kitap Okuyoruz etkinili\u011fi Valilerimizin, Belediye Ba\u015fkanlar\u0131m\u0131z ve kamu g\u00f6revlilerinin deste\u011fi ve kat\u0131l\u0131m\u0131yla 50 \u0130lde, 60 Meydan&#8217;da 12.30-13.00 saatleri aras\u0131nda 30 dakika kitap okuma etkinli\u011fi ger\u00e7ekle\u015ftirmi\u015ftik.<\/p>\n","protected":false},"author":1,"featured_media":0,"comment_status":"open","ping_status":"open","sticky":false,"template":"","format":"standard","meta":{"footnotes":""},"categories":[1470,1476],"tags":[1461],"class_list":["post-10289","post","type-post","status-publish","format-standard","hentry","category-49-kutuphane-haftasi","category-aydin-ileri","tag-kutuphane-haftasi"],"_links":{"self":[{"href":"https:\/\/www.bbyhaber.com\/bby\/wp-json\/wp\/v2\/posts\/10289"}],"collection":[{"href":"https:\/\/www.bbyhaber.com\/bby\/wp-json\/wp\/v2\/posts"}],"about":[{"href":"https:\/\/www.bbyhaber.com\/bby\/wp-json\/wp\/v2\/types\/post"}],"author":[{"embeddable":true,"href":"https:\/\/www.bbyhaber.com\/bby\/wp-json\/wp\/v2\/users\/1"}],"replies":[{"embeddable":true,"href":"https:\/\/www.bbyhaber.com\/bby\/wp-json\/wp\/v2\/comments?post=10289"}],"version-history":[{"count":0,"href":"https:\/\/www.bbyhaber.com\/bby\/wp-json\/wp\/v2\/posts\/10289\/revisions"}],"wp:attachment":[{"href":"https:\/\/www.bbyhaber.com\/bby\/wp-json\/wp\/v2\/media?parent=10289"}],"wp:term":[{"taxonomy":"category","embeddable":true,"href":"https:\/\/www.bbyhaber.com\/bby\/wp-json\/wp\/v2\/categories?post=10289"},{"taxonomy":"post_tag","embeddable":true,"href":"https:\/\/www.bbyhaber.com\/bby\/wp-json\/wp\/v2\/tags?post=10289"}],"curies":[{"name":"wp","href":"https:\/\/api.w.org\/{rel}","templated":true}]}}