{"id":10276,"date":"2013-03-15T15:44:28","date_gmt":"2013-03-15T13:44:28","guid":{"rendered":"http:\/\/www.bbyhaber.com\/bby\/?p=10276"},"modified":"2016-01-27T11:13:38","modified_gmt":"2016-01-27T09:13:38","slug":"bilgi-sistemleri-platformlar-mimariler-ve-teknolojiler-unak-201319-21-eylul-2013","status":"publish","type":"post","link":"https:\/\/www.bbyhaber.com\/bby\/2013\/03\/15\/bilgi-sistemleri-platformlar-mimariler-ve-teknolojiler-unak-201319-21-eylul-2013","title":{"rendered":"Bilgi Sistemleri, Platformlar, Mimariler ve Teknolojiler-\u00dcNAK 2013\/19-21 Eyl\u00fcl 2013"},"content":{"rendered":"<p style=\"text-align: justify;\"><span style=\"color: #0000ff;\"><a href=\"http:\/\/unak2013.unak.org.tr\/program\" target=\"_blank\"><span style=\"color: #0000ff;\">PROGRAM DETAYI \u0130\u00c7\u0130N TIKLAYINIZ<\/span><\/a><\/span><br \/>\nGeleneksel olarak her sene d\u00fczenlenen \u00dcNAK toplant\u0131s\u0131, bu sene &#8220;Bilgi Sistemleri, Platformlar, Mimariler ve Teknolojiler&#8221; ana temas\u0131yla <strong><span style=\"color: #0000ff;\">19-21 Eyl\u00fcl 2013<\/span><\/strong> tarihlerinde <strong><span style=\"color: #0000ff;\">Marmara \u00dcniversitesi<\/span><\/strong>&#8216;nin ev sahipli\u011finde ve katk\u0131s\u0131yla \u0130stanbul&#8217;da ger\u00e7ekle\u015ftirilecektir.<!--more--><\/p>\n<p style=\"text-align: justify;\"><strong>Kapsam<\/strong><\/p>\n<p style=\"text-align: justify;\">G\u00fcn\u00fcm\u00fczde h\u0131zla geli\u015fen teknolojiler yard\u0131m\u0131 ile bilgi art\u0131k hem yerel hem de k\u00fcresel anlamda bir\u00e7ok alanda rekabetin olu\u015fmas\u0131nda \u00f6nemli etkisi bulunan bir unsur haline gelmi\u015ftir. Kalk\u0131nma politikalar\u0131 a\u00e7\u0131s\u0131ndan bilginin etkili payla\u015f\u0131m\u0131 ve bilgiye dayal\u0131 katma de\u011fer yaratan \u00fcr\u00fcn ve hizmetlerin ortaya \u00e7\u0131kar\u0131lmas\u0131, bilgi y\u00f6netiminde yenilik\u00e7i yakla\u015f\u0131mlar sayesinde m\u00fcmk\u00fcn olabilmektedir. Bu ba\u011flamda bilgi teknolojilerinin sa\u011flad\u0131\u011f\u0131 ola\u011fan\u00fcst\u00fc olanaklar, ortaya \u00e7\u0131kan yenilik\u00e7i platformlar ve bilgi sistemleri, bilgi hizmetlerinin daha h\u0131zl\u0131, daha verimli ve ekonomik bi\u00e7imde sunulmas\u0131nda f\u0131rsatlar yaratmaktad\u0131r.<\/p>\n<p style=\"text-align: justify;\">\u00dcniversite ve Ara\u015ft\u0131rma K\u00fct\u00fcphanecileri Derne\u011fi (\u00dcNAK) olarak 1991 y\u0131l\u0131ndan bu yana \u00fclkemizde bilgi hizmetleri, bilgi ve belge y\u00f6netimi, bilgi ekonomisi, bilgi okuryazarl\u0131\u011f\u0131, bilgiyi sanayile\u015ftirmek gibi konular\u0131 \u00e7e\u015fitli platformlarda g\u00fcndeme getiren ve uygulamac\u0131lar\u0131n fark\u0131ndal\u0131klar\u0131n\u0131 art\u0131rmaya y\u00f6nelik y\u0131ll\u0131k konferanslar d\u00fczenlemekteyiz. Belirlenen temalara y\u00f6nelik olarak g\u00f6nderilen bilimsel \u00e7al\u0131\u015fmalar, konferans bilim kurulu taraf\u0131ndan de\u011ferlendirilmekte ve incelemeler sonucunda bu \u00e7al\u0131\u015fmalar\u0131n konferans\u0131m\u0131zda sunulmas\u0131na izin verilmektedir. Her y\u0131l geleneksel olarak farkl\u0131 \u00fcniversiteler, resmi kurumlar ve sponsorlar\u0131n deste\u011fi ile ger\u00e7ekle\u015ftirilen geleneksel \u00dcNAK Konferans\u0131n\u0131n ana temas\u0131 2013 y\u0131l\u0131 i\u00e7in \u201cBilgi Sistemleri, Platformlar, Mimariler ve Teknolojiler\u201d olarak belirlenmi\u015ftir.<\/p>\n<p style=\"text-align: justify;\"><strong>Ama\u00e7<\/strong><\/p>\n<p style=\"text-align: justify;\">Bu konferans, k\u00fct\u00fcphanecilik, bilgibilim, e\u011fitim ve bili\u015fim alanlar\u0131ndaki uygulamac\u0131lar, akademisyenler ve bu alana y\u00f6nelik hizmet sa\u011flayan kurumlar aras\u0131ndaki diyalo\u011fu geli\u015ftirmeyi, farkl\u0131 disiplinlere a\u00e7\u0131k bilimsel ve sosyal bir etkile\u015fim ger\u00e7ekle\u015ftirmeyi, konuyla ilgili iyi uygulama \u00f6rneklerinin, deneyimlerin payla\u015f\u0131lmas\u0131n\u0131, k\u00fct\u00fcphaneler, ar\u015fivler ve dok\u00fcmantasyon merkezleri gibi bilgi merkezlerinin yeni geli\u015fmeler hakk\u0131nda bilgi sahibi olmalar\u0131n\u0131 sa\u011flamay\u0131 ama\u00e7lamaktad\u0131r.<\/p>\n<p style=\"text-align: justify;\">Bu ba\u011flamda k\u00fct\u00fcphanecilik, bilgibilim, e\u011fitim ve bili\u015fim alan\u0131nda \u00e7al\u0131\u015fan; akademisyenler, uygulamac\u0131lar, ara\u015ft\u0131rmac\u0131lar, firma temsilcileri ile konuya ilgi duyan t\u00fcm bireylerin konferansa kat\u0131l\u0131m beklenmektedir.<strong>\u00a0<\/strong><\/p>\n<p style=\"text-align: justify;\"><strong>Konular<\/strong><\/p>\n<p style=\"text-align: justify;\">\u201cBilgi Sistemleri, Platformlar, Mimariler ve Teknolojiler\u201d ana temas\u0131na sahip Konferans kapsam\u0131nda yer alan alt konular a\u015fa\u011f\u0131da listelenmi\u015ftir:<\/p>\n<p style=\"text-align: justify;\">Semantik web<\/p>\n<p style=\"text-align: justify;\">A\u00e7\u0131k kaynak kodlu yaz\u0131l\u0131mlar<\/p>\n<p style=\"text-align: justify;\">A\u00e7\u0131k dergi sistemleri<\/p>\n<p style=\"text-align: justify;\">A\u00e7\u0131k ar\u015fiv sistemleri \/ Kurumsal ar\u015fivler<\/p>\n<p style=\"text-align: justify;\">A\u00e7\u0131k e\u011fitim kaynaklar\u0131<\/p>\n<p style=\"text-align: justify;\">A\u00e7\u0131k ders malzemeleri<\/p>\n<p style=\"text-align: justify;\">A\u00e7\u0131k eri\u015fim<\/p>\n<p style=\"text-align: justify;\">Bulut teknolojisi<\/p>\n<p style=\"text-align: justify;\">Melez uygulamalar<\/p>\n<p style=\"text-align: justify;\">Mobil uygulamalar<\/p>\n<p style=\"text-align: justify;\">Sosyal medya<\/p>\n<p style=\"text-align: justify;\">\u0130\u015fbirlik\u00e7i sistemler<\/p>\n<p style=\"text-align: justify;\">K\u00fct\u00fcphane otomasyon sistemleri<\/p>\n<p style=\"text-align: justify;\">\u0130\u00e7erik y\u00f6netimi yap\u0131lar\u0131 (Kurumsal i\u00e7erik y\u00f6netimi sistemleri, Web \u0130\u00e7erik Y\u00f6netimi)<\/p>\n<p style=\"text-align: justify;\">Elektronik belge y\u00f6netim sistemleri<\/p>\n<p style=\"text-align: justify;\">Dijitalle\u015ftirme<\/p>\n<p style=\"text-align: justify;\">Dijital varl\u0131k y\u00f6netimi<\/p>\n<p style=\"text-align: justify;\">Kurumsal bilgi haritalar\u0131<\/p>\n<p style=\"text-align: justify;\">Stratejik bilgi y\u00f6netimi<\/p>\n<p style=\"text-align: justify;\">Bilgi mimarisi<\/p>\n<p style=\"text-align: justify;\">ve di\u011fer ilgili konular<\/p>\n<p style=\"text-align: justify;\">Ayr\u0131ca<\/p>\n<p style=\"text-align: justify;\">Yenilik\u00e7i Yakla\u015f\u0131mlara Y\u00f6nelik Proje Giri\u015fimleri ve \u00c7al\u0131\u015ftaylar<\/p>\n<p style=\"text-align: justify;\">\u0130yi Uygulama \u00d6rnekleri<\/p>\n<p style=\"text-align: justify;\"><strong>Katk\u0131<\/strong><\/p>\n<p style=\"text-align: justify;\">Konferansa bildiri g\u00f6ndererek katk\u0131 sa\u011flamak isteyen kat\u0131l\u0131mc\u0131lar \u201cGeni\u015fletilmi\u015f \u00d6zet \u015eablonu\u201dnu kullanarak haz\u0131rlad\u0131klar\u0131 bildirileri \u00f6zetlerini 15 Haziran 2013 tarihine kadar Konferans Y\u00f6netim Sistemine (<a href=\"http:\/\/unak2013.unak.org.tr\/tool\" target=\"_blank\">http:\/\/unak2013.unak.org.tr\/<wbr>tool<\/wbr><\/a>) y\u00fcklemeleri gerekmektedir.<\/p>\n<p style=\"text-align: justify;\">Haz\u0131rlanacak \u00f6zet i\u00e7eri\u011finde konuyla ilgili genel bilgi i\u00e7eren 500-1000 kelimelik bir \u00f6n bilgi verilmelidir. Konunun \u00f6nemi ve \u00e7al\u0131\u015fmayla ama\u00e7lanan fakt\u00f6rler genel hatlar\u0131yla a\u00e7\u0131klanmal\u0131, \u00e7al\u0131\u015fman\u0131n ta\u015f\u0131d\u0131\u011f\u0131 \u00f6zg\u00fcnl\u00fck de\u011feri aktar\u0131lmal\u0131d\u0131r. Literat\u00fcrde yer alan kaynaklarla desteklenmelidir. \u00d6zet i\u00e7eri\u011finde ayr\u0131ca \u00e7al\u0131\u015fmada kullan\u0131lan\/kullan\u0131lmas\u0131 planlanan y\u00f6ntem ve veri toplama teknikleri, ara\u015ft\u0131rma sorular\u0131, \u00e7al\u0131\u015fman\u0131n s\u0131n\u0131rl\u0131l\u0131klar\u0131 ile ilgili bilgiler yer almal\u0131d\u0131r. \u00c7al\u0131\u015fmada elde edilen ve \u00e7al\u0131\u015fman\u0131n amac\u0131n\u0131 destekleyen temel bulgular ya da \u00e7al\u0131\u015fma ilgili ula\u015f\u0131lmas\u0131 \u00f6ng\u00f6r\u00fclen bulgular genel hatlar\u0131yla sunulmal\u0131, \u00e7al\u0131\u015fmada belirlenen ama\u00e7lara ula\u015f\u0131l\u0131p ula\u015f\u0131lmad\u0131\u011f\u0131n\u0131 g\u00f6steren sonu\u00e7lar genel olarak belirtilmelidir. \u00d6zet i\u00e7eri\u011fi verilirken tablo veya \u015fekil kullan\u0131m\u0131ndan m\u00fcmk\u00fcn oldu\u011funca ka\u00e7\u0131n\u0131lmal\u0131d\u0131r. \u00c7al\u0131\u015ftay \u00f6nerisinde bulunacaklar\u0131n \u015fablon i\u00e7erisinde ayr\u0131ca \u00f6ng\u00f6rd\u00fckleri \u00e7al\u0131\u015ftay s\u00fcresini ve ihtiya\u00e7 duyulacak materyalleri belirtmeleri gerekmektedir. \u015eablon i\u00e7erisinde yazar isimleri yer almamal\u0131d\u0131r. At\u0131f g\u00f6sterme ve kaynak\u00e7a haz\u0131rlama da APA stili kullan\u0131lmal\u0131d\u0131r.<\/p>\n<p style=\"text-align: justify;\">Konferans Y\u00f6netim Sistemine y\u00fcklenen bildiriler de\u011ferlendirilerek yazarlara bildirilerinin kabul edilip edilmedi\u011fi hakk\u0131nda bilgilendirme yap\u0131lacakt\u0131r. Konferansa bildirisi\/leri kabul edilen yazarlar\u0131n \u00e7al\u0131\u015fmalar\u0131n\u0131n tam metinlerini 19 A\u011fustos 2013 tarihine kadar sisteme y\u00fcklemeleri istenecektir.<\/p>\n<p style=\"text-align: justify;\">Tam metin bildiriler, Konferans kitab\u0131nda yay\u0131nlanacak ve konferans \u00e7antas\u0131nda yer alacakt\u0131r.<\/p>\n<p style=\"text-align: justify;\"><strong>\u00d6nemli Tarihler<\/strong><\/p>\n<p style=\"text-align: justify;\">\u0130lk duyuru: <span style=\"color: #0000ff;\"><strong>15 Mart 2013<\/strong><\/span><\/p>\n<p style=\"text-align: justify;\">\u0130kinci duyuru: <strong><span style=\"color: #ff0000;\">15 Nisan 2013<\/span><\/strong><\/p>\n<p style=\"text-align: justify;\">\u00dc\u00e7\u00fcnc\u00fc duyuru: <strong><span style=\"color: #ff0000;\">15 May\u0131s 2013<\/span><\/strong><\/p>\n<p style=\"text-align: justify;\">Geni\u015fletilmi\u015f \u00f6zetler i\u00e7in son g\u00f6nderim tarihi: <strong><span style=\"color: #ff0000;\">15 Haziran 2013<\/span><\/strong><\/p>\n<p style=\"text-align: justify;\">Kabul edilen \u00f6zetlerin ilan edilmesi: <strong><span style=\"color: #ff0000;\">30 Haziran 2013<\/span><\/strong><\/p>\n<p style=\"text-align: justify;\">Kabul edilen bildirilerin bas\u0131ma haz\u0131r kopyalar\u0131n\u0131n g\u00f6nderilmesi: 15 A\u011fustos 2013<\/p>\n<p style=\"text-align: justify;\">Konferans: <span style=\"color: #800000;\"><strong>19-21 Eyl\u00fcl 2013<\/strong><\/span><\/p>\n<p style=\"text-align: justify;\"><strong>D\u00fczenleyenler<\/strong><\/p>\n<p style=\"text-align: justify;\">\u00dcniversite ve Ara\u015ft\u0131rma K\u00fct\u00fcphanecileri Derne\u011fi<\/p>\n<p style=\"text-align: justify;\">Marmara \u00dcniversitesi<\/p>\n<p style=\"text-align: justify;\"><strong>Facebook<\/strong><\/p>\n<p style=\"text-align: justify;\"><a href=\"http:\/\/www.facebook.com\/unak2013\" target=\"_blank\">http:\/\/www.facebook.com\/<wbr>unak2013<\/wbr><\/a><\/p>\n<p style=\"text-align: justify;\"><strong>Twitter<\/strong><\/p>\n<p style=\"text-align: justify;\"><a href=\"https:\/\/twitter.com\/unak2013\" target=\"_blank\">https:\/\/twitter.com\/unak2013<\/a><\/p>\n<p style=\"text-align: justify;\"><span style=\"color: #ff0000;\"><strong>Hashtag: #unak2013<\/strong><\/span><\/p>\n<p style=\"text-align: justify;\">Konferansa kat\u0131l\u0131m\u0131n\u0131zdan onur ve mutluluk duyar\u0131z.<\/p>\n<p style=\"text-align: justify;\"><strong>D\u00fczenleme Komitesi<\/strong><\/p>\n<p style=\"text-align: justify;\">Nevzat \u00d6zel (E\u015f Ba\u015fkan) \/ Yrd. Do\u00e7. Dr. Bur\u00e7ak \u015eent\u00fcrk (E\u015f Ba\u015fkan)<\/p>\n<p style=\"text-align: justify;\"><strong>Bilim Komitesi<\/strong><\/p>\n<p style=\"text-align: justify;\">Tolga \u00c7akmak (E\u015f Ba\u015fkan) \/ Yrd. Do\u00e7. Dr. G\u00fcss\u00fcn G\u00fcne\u015f (E\u015f Ba\u015fkan)<\/p>\n","protected":false},"excerpt":{"rendered":"<p>PROGRAM DETAYI \u0130\u00c7\u0130N TIKLAYINIZ Geleneksel olarak her sene d\u00fczenlenen \u00dcNAK toplant\u0131s\u0131, bu sene &#8220;Bilgi Sistemleri, Platformlar, Mimariler ve Teknolojiler&#8221; ana temas\u0131yla 19-21 Eyl\u00fcl 2013 tarihlerinde Marmara \u00dcniversitesi&#8216;nin ev sahipli\u011finde ve katk\u0131s\u0131yla \u0130stanbul&#8217;da ger\u00e7ekle\u015ftirilecektir.<\/p>\n","protected":false},"author":1,"featured_media":0,"comment_status":"open","ping_status":"open","sticky":false,"template":"","format":"standard","meta":{"footnotes":""},"categories":[1473,1,1501],"tags":[1395,412,145,452,233,206],"class_list":["post-10276","post","type-post","status-publish","format-standard","hentry","category-acik-erisim","category-genel","category-open-access","tag-bby-mesleki-etkinlikler-arsivi","tag-mobil-kutuphane","tag-mobile-libraries","tag-semantik-ag","tag-sosyal-aglar","tag-sosyal-medya"],"_links":{"self":[{"href":"https:\/\/www.bbyhaber.com\/bby\/wp-json\/wp\/v2\/posts\/10276"}],"collection":[{"href":"https:\/\/www.bbyhaber.com\/bby\/wp-json\/wp\/v2\/posts"}],"about":[{"href":"https:\/\/www.bbyhaber.com\/bby\/wp-json\/wp\/v2\/types\/post"}],"author":[{"embeddable":true,"href":"https:\/\/www.bbyhaber.com\/bby\/wp-json\/wp\/v2\/users\/1"}],"replies":[{"embeddable":true,"href":"https:\/\/www.bbyhaber.com\/bby\/wp-json\/wp\/v2\/comments?post=10276"}],"version-history":[{"count":0,"href":"https:\/\/www.bbyhaber.com\/bby\/wp-json\/wp\/v2\/posts\/10276\/revisions"}],"wp:attachment":[{"href":"https:\/\/www.bbyhaber.com\/bby\/wp-json\/wp\/v2\/media?parent=10276"}],"wp:term":[{"taxonomy":"category","embeddable":true,"href":"https:\/\/www.bbyhaber.com\/bby\/wp-json\/wp\/v2\/categories?post=10276"},{"taxonomy":"post_tag","embeddable":true,"href":"https:\/\/www.bbyhaber.com\/bby\/wp-json\/wp\/v2\/tags?post=10276"}],"curies":[{"name":"wp","href":"https:\/\/api.w.org\/{rel}","templated":true}]}}