{"id":1025,"date":"2011-03-10T15:30:01","date_gmt":"2011-03-10T15:30:01","guid":{"rendered":"http:\/\/www.bbyhaber.com\/bby\/?p=1025"},"modified":"2012-06-27T18:36:18","modified_gmt":"2012-06-27T18:36:18","slug":"mehmet-akif-ersoy-edebiyat-muze-kutuphanesi-aciliyor","status":"publish","type":"post","link":"https:\/\/www.bbyhaber.com\/bby\/2011\/03\/10\/mehmet-akif-ersoy-edebiyat-muze-kutuphanesi-aciliyor","title":{"rendered":"Mehmet Akif Ersoy Edebiyat M\u00fcze K\u00fct\u00fcphanesi A\u00e7\u0131l\u0131yor"},"content":{"rendered":"<p style=\"text-align: justify;\" align=\"justify\">K\u00fclt\u00fcr ve Turizm Bakanl\u0131\u011f\u0131 taraf\u0131ndan yap\u0131lan a\u00e7\u0131klamaya g\u00f6re, T\u00fcrkiye&#8217;nin ilk edebiyat m\u00fcze k\u00fct\u00fcphanesi, \u0130stiklal Mar\u015f\u0131&#8217;n\u0131n kabul\u00fcn\u00fcn 90. y\u0131l\u0131 olan 12 Mart&#8217;ta a\u00e7\u0131l\u0131yor. Edebiyat M\u00fcze K\u00fct\u00fcphaneleri, yazarlar\u0131n ulusal ve uluslararas\u0131 alanda daha iyi temsil edilmesi ve tan\u0131t\u0131lmas\u0131n\u0131 ama\u00e7l\u0131yor. Bir ilde do\u011fmu\u015f ya da o ilde uzun y\u0131llar ya\u015fam\u0131\u015f, y\u00f6reyle b\u00fct\u00fcnle\u015fmi\u015f \u015fair ve yazarlar\u0131n kendileri ve eserleri hakk\u0131nda olu\u015fturulmu\u015f koleksiyonlar\u0131n sergilenmesi amac\u0131yla ba\u015flat\u0131lan &#8220;Edebiyat M\u00fcze K\u00fct\u00fcphaneleri&#8221; projesinin ba\u015flang\u0131c\u0131 Mehmet Akif Ersoy Edebiyat M\u00fcze K\u00fct\u00fcphanesi ile yap\u0131lm\u0131\u015f olacak.<!--more--><\/p>\n<p style=\"text-align: justify;\" align=\"justify\">\u00c7al\u0131\u015fma kapsam\u0131nda, Adana&#8217;da &#8220;Karacao\u011flan Edebiyat M\u00fcze K\u00fct\u00fcphanesi&#8221;, Diyarbak\u0131r&#8217;da &#8220;Ahmed Arif Edebiyat M\u00fcze K\u00fct\u00fcphanesi&#8221;, Erzurum&#8217;da &#8220;Erzurumlu Emrah Edebiyat M\u00fcze K\u00fct\u00fcphanesi&#8221; ve \u0130stanbul&#8217;da &#8220;Ahmet Hamdi Tanp\u0131nar Edebiyat M\u00fcze K\u00fct\u00fcphanesi&#8221;nin kurulmas\u0131 i\u00e7in \u00e7al\u0131\u015fmalar devam ediyor. Bu ama\u00e7la, K\u00fclt\u00fcr ve Turizm Bakanl\u0131\u011f\u0131 taraf\u0131ndan, Edebiyat M\u00fcze K\u00fct\u00fcphanelerinde sergilenecek objelerin temini amac\u0131yla \u00e7al\u0131\u015fmalara da ba\u015flanm\u0131\u015f durumda. Proje kapsam\u0131nda ad\u0131na k\u00fct\u00fcphane kurulacak yazarlar yazarlara ait objelerin bu k\u00fct\u00fcphanelere ba\u011f\u0131\u015flanmas\u0131 i\u00e7in \u00e7al\u0131\u015fmalar s\u00fcr\u00fcyor.<\/p>\n<p style=\"text-align: justify;\" align=\"justify\">Mehmet Akif Ersoy Edebiyat M\u00fcze K\u00fct\u00fcphanesi de di\u011fer k\u00fct\u00fcphaneler gibi, k\u00fct\u00fcphane hizmeti yan\u0131nda edebi faaliyetlerin de yap\u0131labilece\u011fi bir mek\u00e2n olacak. Alt\u0131nda\u011f Belediyesiyle i\u015fbirli\u011fi yap\u0131larak olu\u015fturulan m\u00fcze k\u00fct\u00fcphanede elyazmas\u0131 eserlerin t\u0131pk\u0131bas\u0131mlar\u0131 ve Mehmet Akif Ersoy&#8217;a ait foto\u011fraflar ile \u00e7e\u015fitli objeler de yer alacak. Edebiyat m\u00fcze k\u00fct\u00fcphanelerinin ilki olan &#8220;Ankara Mehmet Akif Ersoy Edebiyat M\u00fcze K\u00fct\u00fcphanesi&#8221; \u0130stikl\u00e2l Mar\u015f\u0131&#8217;n\u0131n kabul edildi\u011fi g\u00fcn olan 12 Mart&#8217;ta, saat 12.00&#8217;de Ba\u015fbakan Recep Tayyip Erdo\u011fan taraf\u0131ndan hizmete a\u00e7\u0131lacak.\u00a0<strong><\/strong><\/p>\n<p style=\"text-align: justify;\">Kaynak: <a href=\"http:\/\/www.haber3.com\/\" target=\"_blank\">http:\/\/www.haber3.com<\/a><\/p>\n","protected":false},"excerpt":{"rendered":"<p>K\u00fclt\u00fcr ve Turizm Bakanl\u0131\u011f\u0131 taraf\u0131ndan yap\u0131lan a\u00e7\u0131klamaya g\u00f6re, T\u00fcrkiye&#8217;nin ilk edebiyat m\u00fcze k\u00fct\u00fcphanesi, \u0130stiklal Mar\u015f\u0131&#8217;n\u0131n kabul\u00fcn\u00fcn 90. y\u0131l\u0131 olan 12 Mart&#8217;ta a\u00e7\u0131l\u0131yor. Edebiyat M\u00fcze K\u00fct\u00fcphaneleri, yazarlar\u0131n ulusal ve uluslararas\u0131 alanda daha iyi temsil edilmesi ve tan\u0131t\u0131lmas\u0131n\u0131 ama\u00e7l\u0131yor. Bir ilde do\u011fmu\u015f ya da o ilde uzun y\u0131llar ya\u015fam\u0131\u015f, y\u00f6reyle b\u00fct\u00fcnle\u015fmi\u015f \u015fair ve yazarlar\u0131n kendileri ve eserleri [&hellip;]<\/p>\n","protected":false},"author":1,"featured_media":0,"comment_status":"open","ping_status":"open","sticky":false,"template":"","format":"standard","meta":{"footnotes":""},"categories":[1572,71],"tags":[],"class_list":["post-1025","post","type-post","status-publish","format-standard","hentry","category-edebiyat-ve-muze-kutuphaneleri","category-muze-kutuphaneleri-2"],"_links":{"self":[{"href":"https:\/\/www.bbyhaber.com\/bby\/wp-json\/wp\/v2\/posts\/1025"}],"collection":[{"href":"https:\/\/www.bbyhaber.com\/bby\/wp-json\/wp\/v2\/posts"}],"about":[{"href":"https:\/\/www.bbyhaber.com\/bby\/wp-json\/wp\/v2\/types\/post"}],"author":[{"embeddable":true,"href":"https:\/\/www.bbyhaber.com\/bby\/wp-json\/wp\/v2\/users\/1"}],"replies":[{"embeddable":true,"href":"https:\/\/www.bbyhaber.com\/bby\/wp-json\/wp\/v2\/comments?post=1025"}],"version-history":[{"count":0,"href":"https:\/\/www.bbyhaber.com\/bby\/wp-json\/wp\/v2\/posts\/1025\/revisions"}],"wp:attachment":[{"href":"https:\/\/www.bbyhaber.com\/bby\/wp-json\/wp\/v2\/media?parent=1025"}],"wp:term":[{"taxonomy":"category","embeddable":true,"href":"https:\/\/www.bbyhaber.com\/bby\/wp-json\/wp\/v2\/categories?post=1025"},{"taxonomy":"post_tag","embeddable":true,"href":"https:\/\/www.bbyhaber.com\/bby\/wp-json\/wp\/v2\/tags?post=1025"}],"curies":[{"name":"wp","href":"https:\/\/api.w.org\/{rel}","templated":true}]}}