{"id":1021,"date":"2011-03-11T15:26:41","date_gmt":"2011-03-11T15:26:41","guid":{"rendered":"http:\/\/www.bbyhaber.com\/bby\/?p=1021"},"modified":"2012-05-21T11:32:10","modified_gmt":"2012-05-21T11:32:10","slug":"iyi-kitap-2-yasinda","status":"publish","type":"post","link":"https:\/\/www.bbyhaber.com\/bby\/2011\/03\/11\/iyi-kitap-2-yasinda","title":{"rendered":"\u0130yi Kitap 2 Ya\u015f\u0131nda!"},"content":{"rendered":"<p style=\"text-align: justify;\" align=\"justify\">&#8220;\u0130yi Kitap, 2009 y\u0131l\u0131n\u0131n Mart ay\u0131nda ba\u015flad\u0131 yolculu\u011funa. \u00d6nce k\u00fc\u00e7\u00fck k\u00fc\u00e7\u00fck ad\u0131mlarla ald\u0131 yolunu. \u0130lk say\u0131lar\u0131m\u0131z\u0131n 16 ya da en fazla 24 sayfa oldu\u011fu d\u00fc\u015f\u00fcn\u00fcl\u00fcrse! Sonra giderek, kendine daha g\u00fcvenli ve daha b\u00fcy\u00fck ad\u0131mlarla y\u00fcr\u00fcmeye ba\u015flad\u0131. G\u00fcn oldu 64 sayfaya \u00e7\u0131kt\u0131. Kitaplardan, bu kitaplar\u0131 yazanlardan, resimleyenlerden, \u00e7evirenlerden, yay\u0131mlayan yay\u0131nevlerinden, ele\u015ftirenlerden,<!--more--> tan\u0131tanlardan, k\u0131sacas\u0131 bir kitab\u0131n \u00e7\u0131kmas\u0131 ve okurun eline ula\u015fmas\u0131 i\u00e7in eme\u011fi ge\u00e7en herkesten ve okurlar\u0131ndan ald\u0131\u011f\u0131 destekle ba\u015fard\u0131 bunu. \u0130yi Kitap\u2019\u0131n amac\u0131n\u0131n, <strong>iyi kitaplar okuyan bir nesil<\/strong> yeti\u015ftirmek oldu\u011funu, \u201cA\u011fac\u0131n ya\u015fken e\u011fildi\u011fini\u201d, yola \u00e7\u0131karken de s\u00f6ylemi\u015ftik. \u0130\u015fte bu yolda ikinci ya\u015f\u0131m\u0131z\u0131 dolduruyoruz bu ay ikinci ya\u015f say\u0131m\u0131z\u0131, \u00e7ocuk ve gen\u00e7lik edebiyat\u0131m\u0131z\u0131n usta kalemleriyle yapt\u0131\u011f\u0131m\u0131z r\u00f6portajlarla renklendirelim istedik. Yetmedi, gen\u00e7lerden olu\u015fan 27 okurumuza <strong>\u201c\u0130yi Kitap Nedir?\u201d<\/strong> diye sorduk.<\/p>\n<p><strong>Ge\u00e7en bu iki y\u0131l i\u00e7inde 92\u2019si okul \u00f6ncesi, 377\u2019si \u00e7ocuk, 142\u2019si gen\u00e7lik, 111\u2019i ba\u015fvuru ve 52\u2019si \u00e7izgi roman olmak \u00fczere 744 kitap tan\u0131tt\u0131k. <\/strong><\/p>\n<p style=\"text-align: justify;\" align=\"justify\">Toplam 1,5 milyon bask\u0131 adediyle, ayr\u0131ca e-posta ve internet arac\u0131l\u0131\u011f\u0131yla \u00e7ok say\u0131da insana ula\u015ft\u0131k. Aram\u0131za devaml\u0131 olarak yeni yazarlar katt\u0131k. Farkl\u0131 yay\u0131nevlerinin kitaplar\u0131na ula\u015fmaya \u00e7al\u0131\u015ft\u0131k. Bu dergiye ne kadar \u00e7ok insan fikirleriyle katk\u0131da bulunur, dergimizin sayfalar\u0131nda ne kadar farkl\u0131 g\u00f6r\u00fc\u015f dillendirilirse, hayalini kurdu\u011fumuz, insanlar\u0131n farkl\u0131l\u0131klar\u0131yla \u00f6zg\u00fcrce ya\u015fayabilece\u011fi o adil d\u00fcnyaya, k\u00fc\u00e7\u00fcc\u00fck bir ad\u0131mla da olsa, biraz daha yakla\u015fabilirdik sanki.\u00a0<strong><\/strong><\/p>\n<p style=\"text-align: justify;\" align=\"justify\"><strong>Yolculuk devam ediyor.<\/strong><br \/>\nSizinle her ay yeni kitaplar, yeni fikirler ve yepyeni tatlarla bu sayfalarda bulu\u015fmak, daha nice ya\u015flar\u0131 birlikte kutlamak dile\u011fiyle\u2026<\/p>\n<div style=\"text-align: justify;\">\n<p align=\"justify\"><a href=\"https:\/\/docs.google.com\/viewer?a=v&amp;pid=explorer&amp;chrome=true&amp;srcid=0B_HQN_BkxmNgYWFkZTdmZjEtNzg5Zi00Yjg3LTk4MjAtY2ZiNjdmMTg5NzBm&amp;hl=tr\" target=\"_blank\">\u0130yi Kitap\u2019\u0131n 25. say\u0131s\u0131n\u0131 okumak i\u00e7in l\u00fctfen t\u0131klay\u0131n\u0131z&#8230;<\/a><\/p>\n<\/div>\n<p style=\"text-align: justify;\" align=\"justify\">Ayl\u0131k Okul \u00d6ncesi, \u00c7ocuk ve Gen\u00e7lik Kitaplar\u0131 Gazetesi \u0130yi Kitap\u2019\u0131 <a href=\"http:\/\/www.iyikitap.net\/\" target=\"_blank\">www.iyikitap.net<\/a> adresinden de takip edebilirisiniz.&#8221;<\/p>\n<p style=\"text-align: justify;\">Kaynak:<br \/>\nAyd\u0131n \u0130LER\u0130<\/p>\n","protected":false},"excerpt":{"rendered":"<p>&#8220;\u0130yi Kitap, 2009 y\u0131l\u0131n\u0131n Mart ay\u0131nda ba\u015flad\u0131 yolculu\u011funa. \u00d6nce k\u00fc\u00e7\u00fck k\u00fc\u00e7\u00fck ad\u0131mlarla ald\u0131 yolunu. \u0130lk say\u0131lar\u0131m\u0131z\u0131n 16 ya da en fazla 24 sayfa oldu\u011fu d\u00fc\u015f\u00fcn\u00fcl\u00fcrse! Sonra giderek, kendine daha g\u00fcvenli ve daha b\u00fcy\u00fck ad\u0131mlarla y\u00fcr\u00fcmeye ba\u015flad\u0131. G\u00fcn oldu 64 sayfaya \u00e7\u0131kt\u0131. Kitaplardan, bu kitaplar\u0131 yazanlardan, resimleyenlerden, \u00e7evirenlerden, yay\u0131mlayan yay\u0131nevlerinden, ele\u015ftirenlerden,<\/p>\n","protected":false},"author":1,"featured_media":0,"comment_status":"open","ping_status":"open","sticky":false,"template":"","format":"standard","meta":{"footnotes":""},"categories":[1476,1],"tags":[132],"class_list":["post-1021","post","type-post","status-publish","format-standard","hentry","category-aydin-ileri","category-genel","tag-iyi-kitap"],"_links":{"self":[{"href":"https:\/\/www.bbyhaber.com\/bby\/wp-json\/wp\/v2\/posts\/1021"}],"collection":[{"href":"https:\/\/www.bbyhaber.com\/bby\/wp-json\/wp\/v2\/posts"}],"about":[{"href":"https:\/\/www.bbyhaber.com\/bby\/wp-json\/wp\/v2\/types\/post"}],"author":[{"embeddable":true,"href":"https:\/\/www.bbyhaber.com\/bby\/wp-json\/wp\/v2\/users\/1"}],"replies":[{"embeddable":true,"href":"https:\/\/www.bbyhaber.com\/bby\/wp-json\/wp\/v2\/comments?post=1021"}],"version-history":[{"count":0,"href":"https:\/\/www.bbyhaber.com\/bby\/wp-json\/wp\/v2\/posts\/1021\/revisions"}],"wp:attachment":[{"href":"https:\/\/www.bbyhaber.com\/bby\/wp-json\/wp\/v2\/media?parent=1021"}],"wp:term":[{"taxonomy":"category","embeddable":true,"href":"https:\/\/www.bbyhaber.com\/bby\/wp-json\/wp\/v2\/categories?post=1021"},{"taxonomy":"post_tag","embeddable":true,"href":"https:\/\/www.bbyhaber.com\/bby\/wp-json\/wp\/v2\/tags?post=1021"}],"curies":[{"name":"wp","href":"https:\/\/api.w.org\/{rel}","templated":true}]}}