{"id":10193,"date":"2013-03-14T09:45:59","date_gmt":"2013-03-14T07:45:59","guid":{"rendered":"http:\/\/www.bbyhaber.com\/bby\/?p=10193"},"modified":"2013-12-17T10:04:40","modified_gmt":"2013-12-17T08:04:40","slug":"halk-kutuphaneleri-koha-otomasyon-sistemi-hayata-gecirilecek-25-mart-2013","status":"publish","type":"post","link":"https:\/\/www.bbyhaber.com\/bby\/2013\/03\/14\/halk-kutuphaneleri-koha-otomasyon-sistemi-hayata-gecirilecek-25-mart-2013","title":{"rendered":"Halk K\u00fct\u00fcphaneleri KOHA Otomasyon Sistemi Hayata Ge\u00e7irilecek-25 Mart 2013"},"content":{"rendered":"<p style=\"text-align: justify;\"><img loading=\"lazy\" decoding=\"async\" class=\"alignleft\" src=\"http:\/\/www.bbyhaber.com\/bby\/wp-content\/uploads\/2013\/02\/koha.jpg\" alt=\"\" width=\"150\" height=\"76\" \/>KKTC\u2019nin en \u00f6nde gelen y\u00fcksek \u00f6\u011fretim kurumlar\u0131ndan olan ba\u015fkent Lefko\u015fa\u2019daki Yak\u0131n Do\u011fu \u00dcniversitesi (YD\u00dc) ile K\u00fclt\u00fcr ve Turizm Bakanl\u0131\u011f\u0131 aras\u0131nda imzalanan protokol \u00e7er\u00e7evesinde, K\u00fclt\u00fcr ve Turizm Bakanl\u0131\u011f\u0131\u2019na ba\u011fl\u0131 bin 112 halk k\u00fct\u00fcphanesinin kullan\u0131m\u0131na sunulacak k\u00fct\u00fcphane otomasyon sistemi ile ilgili \u00e7al\u0131\u015fmalarda son a\u015famaya gelindi.<!--more--><\/p>\n<p style=\"text-align: justify;\">T\u00fcmle\u015fik k\u00fct\u00fcphane otomasyon sistemi projesi web-cats , \u201cD\u00fcnya K\u00fct\u00fcphaneler Katalo\u011fu\u201d verilerine g\u00f6re bu g\u00fcne kadar yap\u0131lm\u0131\u015f d\u00fcnyan\u0131n en b\u00fcy\u00fck \u00f6zg\u00fcr k\u00fct\u00fcphane yaz\u0131l\u0131m projesi. Yak\u0131n Do\u011fu \u00dcniversitesi, K\u00fclt\u00fcr ve Turizm Bakanl\u0131\u011f\u0131\u2019na ba\u011fl\u0131 bin 112 k\u00fct\u00fcphaneyi elektronik ortama ta\u015f\u0131yarak, KKTC ad\u0131na bunun onur ve gururunu ya\u015famay\u0131 hedeflediklerini bildirdi. Proje y\u00f6neticisi T\u00fcmer B. Garip yapt\u0131\u011f\u0131 a\u00e7\u0131klamada, d\u00fcnyan\u0131n en b\u00fcy\u00fck otomasyon projesinin Yak\u0131n Do\u011fu \u00dcniversitesi \u0130novasyon Merkezi taraf\u0131ndan yakla\u015f\u0131k 1 y\u0131ldan beri 30 ki\u015filik bilim ve teknik ekibi taraf\u0131ndan tamamland\u0131\u011f\u0131n\u0131 belirtti.<\/p>\n<p style=\"text-align: justify;\">K\u00fclt\u00fcr ve Turizm Bakanl\u0131\u011f\u0131 ile yap\u0131lan protokol\u00fcn kendileri ve K\u0131br\u0131s T\u00fcrk halk\u0131 i\u00e7in \u00e7ok \u00f6nemli oldu\u011funun alt\u0131n\u0131 \u00e7izen Yak\u0131n Do\u011fu \u00dcniversitesi Kurucu Rekt\u00f6r\u00fc Dr. Suat \u0130. G\u00fcnsel ise, bunun T\u00fcrkiye ile KKTC\u2019nin b\u00fct\u00fcnl\u00fc\u011f\u00fc a\u00e7\u0131s\u0131ndan at\u0131lm\u0131\u015f \u00f6nemli bir \u00e7al\u0131\u015fma oldu\u011funu ifade etti. G\u00fcnsel, T\u00fcrkiye\u2019nin son 10 y\u0131lda e\u011fitime, k\u00fclt\u00fcre ve sa\u011fl\u0131\u011fa verdi\u011fi de\u011fer nedeniyle b\u00fcy\u00fck geli\u015fmeler sa\u011flad\u0131\u011f\u0131n\u0131 belirterek, bu \u00e7al\u0131\u015fmalar ve ba\u015far\u0131lar nedeniyle d\u00fcnyan\u0131n T\u00fcrkiye\u2019ye ba\u015fka g\u00f6zle bakmaya ba\u015flad\u0131\u011f\u0131n\u0131 s\u00f6yledi.<\/p>\n<p style=\"text-align: justify;\">Proje, <strong>T\u00fcrkiye Milli K\u00fct\u00fcphanesi<\/strong>\u2019nde <span style=\"color: #0000ff;\"><strong>25 Mart 2013<\/strong><\/span>\u2019de hayata ge\u00e7irilecek. D\u00fcnyan\u0131n en b\u00fcy\u00fck otomasyon projesinin hayata ge\u00e7irilmesi nedeniyle d\u00fczenlenecek t\u00f6rene KKTC Ba\u015fbakan\u0131 \u0130rsen K\u00fc\u00e7\u00fck ve YD\u00dc Kurucu Rekt\u00f6r\u00fc Dr. Suat \u0130. G\u00fcnsel de kat\u0131lacak.<\/p>\n<p style=\"text-align: justify;\">Kaynak: http:\/\/www.haberexen.com<\/p>\n","protected":false},"excerpt":{"rendered":"<p>KKTC\u2019nin en \u00f6nde gelen y\u00fcksek \u00f6\u011fretim kurumlar\u0131ndan olan ba\u015fkent Lefko\u015fa\u2019daki Yak\u0131n Do\u011fu \u00dcniversitesi (YD\u00dc) ile K\u00fclt\u00fcr ve Turizm Bakanl\u0131\u011f\u0131 aras\u0131nda imzalanan protokol \u00e7er\u00e7evesinde, K\u00fclt\u00fcr ve Turizm Bakanl\u0131\u011f\u0131\u2019na ba\u011fl\u0131 bin 112 halk k\u00fct\u00fcphanesinin kullan\u0131m\u0131na sunulacak k\u00fct\u00fcphane otomasyon sistemi ile ilgili \u00e7al\u0131\u015fmalarda son a\u015famaya gelindi.<\/p>\n","protected":false},"author":1,"featured_media":0,"comment_status":"open","ping_status":"open","sticky":false,"template":"","format":"standard","meta":{"footnotes":""},"categories":[1,1585],"tags":[848],"class_list":["post-10193","post","type-post","status-publish","format-standard","hentry","category-genel","category-koha","tag-halk-kutuphaneleri"],"_links":{"self":[{"href":"https:\/\/www.bbyhaber.com\/bby\/wp-json\/wp\/v2\/posts\/10193"}],"collection":[{"href":"https:\/\/www.bbyhaber.com\/bby\/wp-json\/wp\/v2\/posts"}],"about":[{"href":"https:\/\/www.bbyhaber.com\/bby\/wp-json\/wp\/v2\/types\/post"}],"author":[{"embeddable":true,"href":"https:\/\/www.bbyhaber.com\/bby\/wp-json\/wp\/v2\/users\/1"}],"replies":[{"embeddable":true,"href":"https:\/\/www.bbyhaber.com\/bby\/wp-json\/wp\/v2\/comments?post=10193"}],"version-history":[{"count":0,"href":"https:\/\/www.bbyhaber.com\/bby\/wp-json\/wp\/v2\/posts\/10193\/revisions"}],"wp:attachment":[{"href":"https:\/\/www.bbyhaber.com\/bby\/wp-json\/wp\/v2\/media?parent=10193"}],"wp:term":[{"taxonomy":"category","embeddable":true,"href":"https:\/\/www.bbyhaber.com\/bby\/wp-json\/wp\/v2\/categories?post=10193"},{"taxonomy":"post_tag","embeddable":true,"href":"https:\/\/www.bbyhaber.com\/bby\/wp-json\/wp\/v2\/tags?post=10193"}],"curies":[{"name":"wp","href":"https:\/\/api.w.org\/{rel}","templated":true}]}}