{"id":1019,"date":"2011-03-12T15:23:49","date_gmt":"2011-03-12T15:23:49","guid":{"rendered":"http:\/\/www.bbyhaber.com\/bby\/?p=1019"},"modified":"2011-11-17T15:26:28","modified_gmt":"2011-11-17T15:26:28","slug":"otosan%e2%80%98dan-otomotiv-lisesine-kutuphane","status":"publish","type":"post","link":"https:\/\/www.bbyhaber.com\/bby\/2011\/03\/12\/otosan%e2%80%98dan-otomotiv-lisesine-kutuphane","title":{"rendered":"Otosan\u2018dan Otomotiv Lisesine K\u00fct\u00fcphane"},"content":{"rendered":"<p style=\"text-align: justify;\" align=\"justify\">A\u00e7\u0131l\u0131\u015f t\u00f6reninde konu\u015fan O\u0130B Ba\u015fkan\u0131 Orhan Sabuncu, k\u00fct\u00fcphaneye katk\u0131lardan \u00f6t\u00fcr\u00fc Ford Otosan yetkililerine te\u015fekk\u00fcr etti. \u00d6\u011frencilerden kitaplar\u0131n hakk\u0131n\u0131 vermelerini isteyen Sabuncu, \u201cSadece \u00f6\u011frencilikte de\u011fil, hayat\u0131n\u0131z\u0131n di\u011fer safhas\u0131nda okumal\u0131 ve kendinizi geli\u015ftirmelisiniz. Bunun i\u00e7in en b\u00fcy\u00fck yard\u0131mc\u0131n\u0131z kitaplarlard\u0131r\u201d dedi.<\/p>\n<p style=\"text-align: justify;\" align=\"justify\">Nil\u00fcfer Kaymakam\u0131 Ekrem \u00c7al\u0131k da, O\u0130B Lisesi ve \u00f6\u011frencilerinin sekt\u00f6rle i\u00e7 i\u00e7e oldu\u011funu g\u00f6rmekten duydu\u011fu memnuniyeti dile getirdi. \u00c7al\u0131k, \u00f6\u011frencilerin son teknoloji laboratuarlarda Ar-Ge projeleri geli\u015ftirip yerli mal\u0131 yeni \u00fcr\u00fcnler yapaca\u011f\u0131na inand\u0131\u011f\u0131n\u0131 dile getirdi.<\/p>\n<p style=\"text-align: justify;\" align=\"justify\">Sekt\u00f6r\u00fcn gelece\u011fine \u0131\u015f\u0131k tutacak ve otomotiv end\u00fcstrisinin vas\u0131fl\u0131 eleman ihtiyac\u0131n\u0131 kar\u015f\u0131layacak olan otomotiv lisesi \u00f6\u011frencilerine destek olmaktan duyduklar\u0131 memnuniyeti ifade eden Ford Otosan End\u00fcstri \u0130li\u015fkileri ve \u0130nsan Kaynaklar\u0131 Operasyon M\u00fcd\u00fcr\u00fc Ali R\u0131za Aksoy ile Ford Otosan e\u011fitim ekibi lideri Sabahattin G\u00fccin, sekt\u00f6r\u00fcn gelecekteki temsilcileri O\u0130B Teknik ve End\u00fcstri Meslek Lisesi \u00f6\u011frencilerine destek olmaya devam edecekleri s\u00f6z\u00fcn\u00fc verdiler.Ford Otosan\u2019\u0131n katk\u0131lar\u0131yla olu\u015fturulan k\u00fct\u00fcphanedeki eser say\u0131s\u0131 yak\u0131nda bin 200\u2019e ula\u015facak ve kitap al\u0131\u015fveri\u015fini tamamen \u00f6\u011frenciler y\u00f6netecek.\u00a0<strong><\/strong><\/p>\n<p style=\"text-align: justify;\" align=\"justify\">Kaynak: <a href=\"http:\/\/www.beyazgazete.com\/\" target=\"_blank\">http:\/\/www.beyazgazete.com\/<\/a><\/p>\n","protected":false},"excerpt":{"rendered":"<p>A\u00e7\u0131l\u0131\u015f t\u00f6reninde konu\u015fan O\u0130B Ba\u015fkan\u0131 Orhan Sabuncu, k\u00fct\u00fcphaneye katk\u0131lardan \u00f6t\u00fcr\u00fc Ford Otosan yetkililerine te\u015fekk\u00fcr etti. \u00d6\u011frencilerden kitaplar\u0131n hakk\u0131n\u0131 vermelerini isteyen Sabuncu, \u201cSadece \u00f6\u011frencilikte de\u011fil, hayat\u0131n\u0131z\u0131n di\u011fer safhas\u0131nda okumal\u0131 ve kendinizi geli\u015ftirmelisiniz. Bunun i\u00e7in en b\u00fcy\u00fck yard\u0131mc\u0131n\u0131z kitaplarlard\u0131r\u201d dedi. Nil\u00fcfer Kaymakam\u0131 Ekrem \u00c7al\u0131k da, O\u0130B Lisesi ve \u00f6\u011frencilerinin sekt\u00f6rle i\u00e7 i\u00e7e oldu\u011funu g\u00f6rmekten duydu\u011fu memnuniyeti dile [&hellip;]<\/p>\n","protected":false},"author":1,"featured_media":0,"comment_status":"open","ping_status":"open","sticky":false,"template":"","format":"standard","meta":{"footnotes":""},"categories":[1],"tags":[131,130],"class_list":["post-1019","post","type-post","status-publish","format-standard","hentry","category-genel","tag-otomotiv-lisesine-kutuphane","tag-otosan"],"_links":{"self":[{"href":"https:\/\/www.bbyhaber.com\/bby\/wp-json\/wp\/v2\/posts\/1019"}],"collection":[{"href":"https:\/\/www.bbyhaber.com\/bby\/wp-json\/wp\/v2\/posts"}],"about":[{"href":"https:\/\/www.bbyhaber.com\/bby\/wp-json\/wp\/v2\/types\/post"}],"author":[{"embeddable":true,"href":"https:\/\/www.bbyhaber.com\/bby\/wp-json\/wp\/v2\/users\/1"}],"replies":[{"embeddable":true,"href":"https:\/\/www.bbyhaber.com\/bby\/wp-json\/wp\/v2\/comments?post=1019"}],"version-history":[{"count":0,"href":"https:\/\/www.bbyhaber.com\/bby\/wp-json\/wp\/v2\/posts\/1019\/revisions"}],"wp:attachment":[{"href":"https:\/\/www.bbyhaber.com\/bby\/wp-json\/wp\/v2\/media?parent=1019"}],"wp:term":[{"taxonomy":"category","embeddable":true,"href":"https:\/\/www.bbyhaber.com\/bby\/wp-json\/wp\/v2\/categories?post=1019"},{"taxonomy":"post_tag","embeddable":true,"href":"https:\/\/www.bbyhaber.com\/bby\/wp-json\/wp\/v2\/tags?post=1019"}],"curies":[{"name":"wp","href":"https:\/\/api.w.org\/{rel}","templated":true}]}}