{"id":10173,"date":"2013-03-13T13:05:49","date_gmt":"2013-03-13T11:05:49","guid":{"rendered":"http:\/\/www.bbyhaber.com\/bby\/?p=10173"},"modified":"2016-03-15T19:48:45","modified_gmt":"2016-03-15T17:48:45","slug":"49-kutuphane-haftasi-afis-ve-programi","status":"publish","type":"post","link":"https:\/\/www.bbyhaber.com\/bby\/2013\/03\/13\/49-kutuphane-haftasi-afis-ve-programi","title":{"rendered":"49. K\u00fct\u00fcphane Haftas\u0131 Afi\u015f ve Program\u0131"},"content":{"rendered":"<p style=\"text-align: justify;\"><span style=\"color: #0000ff;\"><strong><a href=\"http:\/\/www.bbyhaber.com\/bby\/wp-content\/uploads\/kutuphane-haftasi-afisleri\/2013.jpg\"><img loading=\"lazy\" decoding=\"async\" class=\"alignleft\" title=\"49.K\u00fct\u00fcphane Haftas\u0131 Afi\u015fi-2013\" src=\"http:\/\/www.bbyhaber.com\/bby\/wp-content\/uploads\/kutuphane-haftasi-afisleri\/2013.jpg\" alt=\"\" width=\"271\" height=\"279\" \/><\/a><\/strong><\/span>K\u00fct\u00fcphaneler ve Yay\u0131mlar Genel M\u00fcd\u00fcrl\u00fc\u011f\u00fc ile T\u00fcrk K\u00fct\u00fcphaneciler Derne\u011fi i\u015fbirli\u011fiyle d\u00fczenlenen <strong>49. K\u00fct\u00fcphane Haftas\u0131 Ana Etkinlik Program\u0131<\/strong>, \u201c<strong><span style=\"color: #0000ff;\">Yenile\u015fim ve K\u00fct\u00fcphaneciler<\/span><\/strong>\u201d ana temas\u0131yla ve uluslararas\u0131 kat\u0131l\u0131mla, <span style=\"color: #ff0000;\"><strong>25-31 Mart 2013<\/strong><\/span> tarihleri aras\u0131nda, <strong><span style=\"color: #ff0000;\">Ankara\u2019da Milli K\u00fct\u00fcphane Konferans Salonu<\/span><\/strong>\u2019nda ger\u00e7ekle\u015ftirilecektir.<!--more--><\/p>\n<p style=\"text-align: justify;\">49. K\u00fct\u00fcphane Haftas\u0131\u2019n\u0131n Ana Program\u0131na (T\u00fcrk\u00e7e ve \u0130ngilizce) ve de\u011ferli kat\u0131l\u0131mc\u0131lar\u0131n \u00f6zge\u00e7mi\u015flerine a\u015fa\u011f\u0131daki ba\u011flant\u0131lardan eri\u015febilirsiniz.<\/p>\n<p style=\"text-align: justify;\"><strong><a title=\"\" href=\"http:\/\/www.kygm.gov.tr\/Eklenti\/5678,49-kutuphane-haftasi-programi.pdf?0\" target=\"_blank\">49. K\u00fct\u00fcphane Haftas\u0131 Program\u0131 <\/a><\/strong><\/p>\n<p style=\"text-align: justify;\"><strong> <a title=\"\" href=\"http:\/\/www.kygm.gov.tr\/Eklenti\/5679,49th-library-week-program.pdf?0\" target=\"_blank\">49th Library Week Program<\/a><\/strong><\/p>\n<p style=\"text-align: justify;\"><strong> <a title=\"\" href=\"http:\/\/www.kygm.gov.tr\/Eklenti\/5677,49kutuphane-haftasi-katilimcilari.pdf?0\" target=\"_blank\">49.K\u00fct\u00fcphane Haftas\u0131 Kat\u0131l\u0131mc\u0131lar\u0131<\/a><\/strong><\/p>\n<p style=\"text-align: justify;\">Kaynak: <a href=\"http:\/\/www.kygm.gov.tr\/TR,50458\/49-kutuphane-haftasi-programlari---49th-library-week-pr-.html\" target=\"_blank\">KYGM<\/a><\/p>\n<ul>\n<li><span style=\"color: #0000ff;\"><strong><a title=\"D\u00fcnden Bug\u00fcne K\u00fct\u00fcphane Haftas\u0131 Afi\u015fleri\" href=\"http:\/\/www.bbyhaber.com\/bby\/2012\/03\/11\/kutuphane-haftasi-afisleri\/\"><span style=\"color: #0000ff;\">D\u00fcnden Bug\u00fcne K\u00fct\u00fcphane Haftas\u0131 Afi\u015fleri<\/span><\/a><\/strong><\/span><span style=\"color: #0000ff;\"><br \/>\n<\/span><\/li>\n<\/ul>\n","protected":false},"excerpt":{"rendered":"<p>K\u00fct\u00fcphaneler ve Yay\u0131mlar Genel M\u00fcd\u00fcrl\u00fc\u011f\u00fc ile T\u00fcrk K\u00fct\u00fcphaneciler Derne\u011fi i\u015fbirli\u011fiyle d\u00fczenlenen 49. K\u00fct\u00fcphane Haftas\u0131 Ana Etkinlik Program\u0131, \u201cYenile\u015fim ve K\u00fct\u00fcphaneciler\u201d ana temas\u0131yla ve uluslararas\u0131 kat\u0131l\u0131mla, 25-31 Mart 2013 tarihleri aras\u0131nda, Ankara\u2019da Milli K\u00fct\u00fcphane Konferans Salonu\u2019nda ger\u00e7ekle\u015ftirilecektir.<\/p>\n","protected":false},"author":1,"featured_media":0,"comment_status":"open","ping_status":"open","sticky":false,"template":"","format":"standard","meta":{"footnotes":""},"categories":[1470],"tags":[1461],"class_list":["post-10173","post","type-post","status-publish","format-standard","hentry","category-49-kutuphane-haftasi","tag-kutuphane-haftasi"],"_links":{"self":[{"href":"https:\/\/www.bbyhaber.com\/bby\/wp-json\/wp\/v2\/posts\/10173"}],"collection":[{"href":"https:\/\/www.bbyhaber.com\/bby\/wp-json\/wp\/v2\/posts"}],"about":[{"href":"https:\/\/www.bbyhaber.com\/bby\/wp-json\/wp\/v2\/types\/post"}],"author":[{"embeddable":true,"href":"https:\/\/www.bbyhaber.com\/bby\/wp-json\/wp\/v2\/users\/1"}],"replies":[{"embeddable":true,"href":"https:\/\/www.bbyhaber.com\/bby\/wp-json\/wp\/v2\/comments?post=10173"}],"version-history":[{"count":0,"href":"https:\/\/www.bbyhaber.com\/bby\/wp-json\/wp\/v2\/posts\/10173\/revisions"}],"wp:attachment":[{"href":"https:\/\/www.bbyhaber.com\/bby\/wp-json\/wp\/v2\/media?parent=10173"}],"wp:term":[{"taxonomy":"category","embeddable":true,"href":"https:\/\/www.bbyhaber.com\/bby\/wp-json\/wp\/v2\/categories?post=10173"},{"taxonomy":"post_tag","embeddable":true,"href":"https:\/\/www.bbyhaber.com\/bby\/wp-json\/wp\/v2\/tags?post=10173"}],"curies":[{"name":"wp","href":"https:\/\/api.w.org\/{rel}","templated":true}]}}