{"id":10159,"date":"2013-03-13T09:35:51","date_gmt":"2013-03-13T07:35:51","guid":{"rendered":"http:\/\/www.bbyhaber.com\/bby\/?p=10159"},"modified":"2013-03-13T09:36:01","modified_gmt":"2013-03-13T07:36:01","slug":"bandirma-halk-kutuphanesinde-hangi-kitaplar-imha-ediliyor","status":"publish","type":"post","link":"https:\/\/www.bbyhaber.com\/bby\/2013\/03\/13\/bandirma-halk-kutuphanesinde-hangi-kitaplar-imha-ediliyor","title":{"rendered":"Band\u0131rma Halk K\u00fct\u00fcphanesinde hangi kitaplar imha ediliyor ?"},"content":{"rendered":"<p style=\"text-align: justify;\">K\u0131sa bir s\u00fcre \u00f6nce yerel medyada yer ald\u0131\u011f\u0131 \u015fekilde ; Band\u0131rma Halk k\u00fct\u00fcphanesinde imha\u00a0 edilecek olan kitaplar konusunda\u00a0 bilgi istenilen sorular\u0131n yan\u0131t\u0131 al\u0131namad\u0131. Konuyla ilgili olarak\u00a0 Band\u0131rma K\u00fct\u00fcphanesinden\u00a0 bilgi alma \u00e7abalar\u0131 kar\u015f\u0131l\u0131ks\u0131z \u00e7\u0131kan gazetemiz yazarlar\u0131ndan Ramazan Narin&#8217;in dilek\u00e7esine verilen yan\u0131tta 1930 y\u0131llardan kalan kitaplar\u0131n hangilerinin,hangi k\u0131staslarla\u00a0 imha listesine kondu\u011fu belirlenemedi. \u0130mha edilecek kitaplar\u0131n tespitini kimlerin yapt\u0131\u011f\u0131 da yan\u0131ts\u0131z kalan sorulardan biri oldu.<!--more--><\/p>\n<p style=\"text-align: justify;\">Band\u0131rma Halk K\u00fct\u00fcphanesi Harcama yetkilisi olarak\u00a0 y\u00f6netmelikte s\u00f6z konusu edilen yetkili ki\u015finin K\u00fct\u00fcphane M\u00fcd\u00fcr\u00fc oldu\u011fu anla\u015f\u0131lmas\u0131na ra\u011fmen olu\u015fturulmas\u0131 gereken , y\u00f6netmelikte belirtilen komisyonun hi\u00e7 olu\u015fturulmad\u0131\u011f\u0131\u00a0 ve\u00a0 imha edilecek kitaplar\u0131n belirlenmesinin y\u00f6netmeli\u011fe ayk\u0131r\u0131 davran\u0131larak\u00a0 usuls\u00fczl\u00fck yap\u0131ld\u0131\u011f\u0131 ve konuyla ilgili bilgi vermekten ka\u00e7\u0131n\u0131ld\u0131\u011f\u0131\u00a0 iddialar\u0131 devam ediyor.<\/p>\n<p style=\"text-align: justify;\">Kitaplar\u0131n i\u00e7erik a\u00e7\u0131s\u0131ndan g\u00fcncelli\u011fini\u00a0\u00a0 yitirmi\u015f olmas\u0131n\u0131 kimin karar verdi\u011fine dair sorular\u0131n yan\u0131ts\u0131z kalmas\u0131\u00a0 devam ederken,Band\u0131rma Halk K\u00fct\u00fcphanesinde yer ald\u0131\u011f\u0131 bilinen ve tarihi \u00f6zellikleri bulunan 30&#8242; lu ve 40&#8242; l\u0131 y\u0131llarda bas\u0131lm\u0131\u015f nadir ve k\u0131ymetli eserlerin bilirki\u015filerce de\u011ferlendirilmeden imha yoluna gidilmesinin\u00a0 geri d\u00f6n\u00fc\u015f\u00fc olmayan kay\u0131plar do\u011furaca\u011f\u0131\u00a0 ihtimali nedeniyle Band\u0131rmal\u0131 kitapseverlerin ve duyarl\u0131 vatanda\u015flar\u0131n konuyla ilgili endi\u015feleri devam ediyor. Ramazan Narin&#8217;in vatanda\u015f olarak istedi\u011fi\u00a0 imha edilecek kitaplarla ilgili bilgiler\u00a0 mevzuat gere\u011fi m\u00fcmk\u00fcn olmad\u0131\u011f\u0131 gerek\u00e7esiyle K\u00fct\u00fcphane yetkililerince reddedildi.<\/p>\n<p style=\"text-align: justify;\">Kaynak: http:\/\/www.gercekbandirma.com<\/p>\n","protected":false},"excerpt":{"rendered":"<p>K\u0131sa bir s\u00fcre \u00f6nce yerel medyada yer ald\u0131\u011f\u0131 \u015fekilde ; Band\u0131rma Halk k\u00fct\u00fcphanesinde imha\u00a0 edilecek olan kitaplar konusunda\u00a0 bilgi istenilen sorular\u0131n yan\u0131t\u0131 al\u0131namad\u0131. Konuyla ilgili olarak\u00a0 Band\u0131rma K\u00fct\u00fcphanesinden\u00a0 bilgi alma \u00e7abalar\u0131 kar\u015f\u0131l\u0131ks\u0131z \u00e7\u0131kan gazetemiz yazarlar\u0131ndan Ramazan Narin&#8217;in dilek\u00e7esine verilen yan\u0131tta 1930 y\u0131llardan kalan kitaplar\u0131n hangilerinin,hangi k\u0131staslarla\u00a0 imha listesine kondu\u011fu belirlenemedi. \u0130mha edilecek kitaplar\u0131n tespitini kimlerin [&hellip;]<\/p>\n","protected":false},"author":1,"featured_media":0,"comment_status":"open","ping_status":"open","sticky":false,"template":"","format":"standard","meta":{"footnotes":""},"categories":[1],"tags":[848],"class_list":["post-10159","post","type-post","status-publish","format-standard","hentry","category-genel","tag-halk-kutuphaneleri"],"_links":{"self":[{"href":"https:\/\/www.bbyhaber.com\/bby\/wp-json\/wp\/v2\/posts\/10159"}],"collection":[{"href":"https:\/\/www.bbyhaber.com\/bby\/wp-json\/wp\/v2\/posts"}],"about":[{"href":"https:\/\/www.bbyhaber.com\/bby\/wp-json\/wp\/v2\/types\/post"}],"author":[{"embeddable":true,"href":"https:\/\/www.bbyhaber.com\/bby\/wp-json\/wp\/v2\/users\/1"}],"replies":[{"embeddable":true,"href":"https:\/\/www.bbyhaber.com\/bby\/wp-json\/wp\/v2\/comments?post=10159"}],"version-history":[{"count":0,"href":"https:\/\/www.bbyhaber.com\/bby\/wp-json\/wp\/v2\/posts\/10159\/revisions"}],"wp:attachment":[{"href":"https:\/\/www.bbyhaber.com\/bby\/wp-json\/wp\/v2\/media?parent=10159"}],"wp:term":[{"taxonomy":"category","embeddable":true,"href":"https:\/\/www.bbyhaber.com\/bby\/wp-json\/wp\/v2\/categories?post=10159"},{"taxonomy":"post_tag","embeddable":true,"href":"https:\/\/www.bbyhaber.com\/bby\/wp-json\/wp\/v2\/tags?post=10159"}],"curies":[{"name":"wp","href":"https:\/\/api.w.org\/{rel}","templated":true}]}}