{"id":10155,"date":"2013-03-13T09:15:44","date_gmt":"2013-03-13T07:15:44","guid":{"rendered":"http:\/\/www.bbyhaber.com\/bby\/?p=10155"},"modified":"2013-03-13T09:15:44","modified_gmt":"2013-03-13T07:15:44","slug":"vali-kutuphanenin-yer-sorununa-el-atti-manisa","status":"publish","type":"post","link":"https:\/\/www.bbyhaber.com\/bby\/2013\/03\/13\/vali-kutuphanenin-yer-sorununa-el-atti-manisa","title":{"rendered":"Vali, k\u00fct\u00fcphanenin yer sorununa el att\u0131-Manisa"},"content":{"rendered":"<p style=\"text-align: justify;\">\u0130l Halk K\u00fct\u00fcphanesi\u2019ne sergi ziyareti i\u00e7in giden Vali Halil \u0130brahim Da\u015f\u00f6z k\u00fct\u00fcphane kapasitesinin yetersizli\u011fini g\u00f6r\u00fcnce hemen yeni bina bulunmas\u0131 i\u00e7in talimat verdi. 12 Mart \u0130stiklal Mar\u015f\u0131\u2019n\u0131n kabul\u00fcn\u00fcn 92. y\u0131l d\u00f6n\u00fcm\u00fc etkinlikleri kapsam\u0131nda \u0130l Halk K\u00fct\u00fcphanesi\u2019nde Mehmet Akif Ersoy konulu kitap sergisi a\u00e7\u0131ld\u0131. K\u00fct\u00fcphane raflar\u0131nda Mehmet Akif Ersoy\u2019la ilgili bilgilerin yer ald\u0131\u011f\u0131 y\u00fczden fazla kitap sergilendi. Sergiyi Vali Halil \u0130brahim Da\u015f\u00f6z ile birlikte Belediye Ba\u015fkan Yard\u0131mc\u0131s\u0131 Nursel Ustamehmeto\u011flu, K\u00fclt\u00fcr ve Turizm \u0130l M\u00fcd\u00fcr Erdin\u00e7 Karak\u00f6se, <!--more-->Milli E\u011fitim M\u00fcd\u00fcr\u00fc Mustafa Alt\u0131nsoy da ziyaret etti.\u00a0 Ziyaret esnas\u0131nda Vali Halil \u0130brahim Da\u015f\u00f6z, k\u00fct\u00fcphanenin \u00f6\u011frencilere yetmedi\u011fini g\u00f6rd\u00fc. K\u00fct\u00fcphanenin yetersiz oldu\u011funu g\u00f6ren Vali Da\u015f\u00f6z, yan\u0131nda bulunan K\u00fclt\u00fcr ve Turizm \u0130l M\u00fcd\u00fcr Erdin\u00e7 Karak\u00f6se\u2019ye biran \u00f6nce k\u00fct\u00fcphaneye ek bina bulmas\u0131 i\u00e7in talimat vermesi \u00fczerine, Karak\u00f6se k\u00fct\u00fcphanenin yan\u0131ndaki Verem Sava\u015f Dispanseri\u2019nin k\u00fct\u00fcphane ek binas\u0131 olarak kullan\u0131labilece\u011fini s\u00f6yledi. Verem Sava\u015f Dispanseri\u2019nde incelemelerde bulunan Vali Da\u015f\u00f6z, binan\u0131n devri ile ilgili gerekli g\u00f6r\u00fc\u015fmelerin yap\u0131laca\u011f\u0131n\u0131 belirtti. Ziyaret s\u0131ras\u0131nda K\u00fclt\u00fcr ve Turizm \u0130l M\u00fcd\u00fcr Erdin\u00e7 Karak\u00f6se ve K\u00fct\u00fcphane M\u00fcd\u00fcr\u00fc Ay\u015fin Kibrit\u00e7i,\u00a0 Vali Da\u015f\u00f6z\u2019e\u00a0 k\u00fct\u00fcphanenin fiziki imkanlar\u0131n\u0131n \u00f6\u011frencilerin talebini kar\u015f\u0131lamad\u0131\u011f\u0131 hat\u0131rlat\u0131ld\u0131. Ay\u015fin Kibrit\u00e7i, \u00f6zellikle \u00fcniversite haz\u0131rlanan \u00f6\u011frencilerin k\u00fct\u00fcphanede masalar\u0131 doldurdu\u011fu ve uzun vakit ge\u00e7irdi\u011fini, 40 masan\u0131n bulundu\u011fu k\u00fct\u00fcphanede 135 ki\u015finin ayn\u0131 anda gelmesi ile gelen vatanda\u015flar\u0131n yer bulamad\u0131\u011f\u0131n\u0131 s\u00f6yledi.<\/p>\n<p style=\"text-align: justify;\"><strong>\u00a0\u00d6denek haz\u0131r, yer yok <\/strong><\/p>\n<p style=\"text-align: justify;\">K\u00fct\u00fcphanenin dolulu\u011funu g\u00f6ren Vali Da\u015f\u00f6z, Erdin\u00e7 Karak\u00f6se\u2019den k\u00fct\u00fcphanenin geni\u015fletilmesi \u00e7al\u0131\u015fmalar\u0131 hakk\u0131nda bilgi ald\u0131. Ek binayla ilgili \u00f6dene\u011fin haz\u0131r oldu\u011funu belirten K\u00fclt\u00fcr ve Turizm \u0130l M\u00fcd\u00fcr\u00fc Erdin\u00e7 Karak\u00f6se, \u00f6dene\u011fin haz\u0131r olmas\u0131na ra\u011fmen uygun yer bulamad\u0131klar\u0131n\u0131 ifade etti. Erdin\u00e7 Karak\u00f6se, mevcut k\u00fct\u00fcphanenin \u00fczerine bir kat daha \u00e7\u0131k\u0131lmas\u0131n\u0131 teklif ettiklerini, ancak An\u0131tlar Kurulu\u2019nun binan\u0131n tarihi \u00f6zelli\u011finden dolay\u0131 buna izin vermedi\u011fi s\u00f6yledi. Karak\u00f6se, k\u00fct\u00fcphanenin bah\u00e7esine ek bina yap\u0131lmas\u0131 d\u00fc\u015f\u00fcncesinin de ayn\u0131 \u015fekilde Kurul\u2019dan d\u00f6nd\u00fc\u011f\u00fcn\u00fc dile getirdi. Do\u011fumevi\u2019nin k\u00fct\u00fcphane yap\u0131lmas\u0131 i\u00e7in Sa\u011fl\u0131k Bakanl\u0131\u011f\u0131\u2019na talep yapt\u0131klar\u0131n\u0131 ancak binan\u0131n \u0130smet \u0130n\u00f6n\u00fc K\u0131z Meslek Lisesi\u2019ne pansiyon ama\u00e7l\u0131 kullan\u0131lmas\u0131 i\u00e7in tahsis edilece\u011fini belirten Karak\u00f6se, b\u00f6lgede yer bulamad\u0131klar\u0131n\u0131 Vali Da\u015f\u00f6z\u2019e iletti.<\/p>\n<p style=\"text-align: justify;\">Kaynak: http:\/\/www.manisadabugun.com\/<\/p>\n","protected":false},"excerpt":{"rendered":"<p>\u0130l Halk K\u00fct\u00fcphanesi\u2019ne sergi ziyareti i\u00e7in giden Vali Halil \u0130brahim Da\u015f\u00f6z k\u00fct\u00fcphane kapasitesinin yetersizli\u011fini g\u00f6r\u00fcnce hemen yeni bina bulunmas\u0131 i\u00e7in talimat verdi. 12 Mart \u0130stiklal Mar\u015f\u0131\u2019n\u0131n kabul\u00fcn\u00fcn 92. y\u0131l d\u00f6n\u00fcm\u00fc etkinlikleri kapsam\u0131nda \u0130l Halk K\u00fct\u00fcphanesi\u2019nde Mehmet Akif Ersoy konulu kitap sergisi a\u00e7\u0131ld\u0131. K\u00fct\u00fcphane raflar\u0131nda Mehmet Akif Ersoy\u2019la ilgili bilgilerin yer ald\u0131\u011f\u0131 y\u00fczden fazla kitap sergilendi. [&hellip;]<\/p>\n","protected":false},"author":1,"featured_media":0,"comment_status":"open","ping_status":"open","sticky":false,"template":"","format":"standard","meta":{"footnotes":""},"categories":[1],"tags":[848],"class_list":["post-10155","post","type-post","status-publish","format-standard","hentry","category-genel","tag-halk-kutuphaneleri"],"_links":{"self":[{"href":"https:\/\/www.bbyhaber.com\/bby\/wp-json\/wp\/v2\/posts\/10155"}],"collection":[{"href":"https:\/\/www.bbyhaber.com\/bby\/wp-json\/wp\/v2\/posts"}],"about":[{"href":"https:\/\/www.bbyhaber.com\/bby\/wp-json\/wp\/v2\/types\/post"}],"author":[{"embeddable":true,"href":"https:\/\/www.bbyhaber.com\/bby\/wp-json\/wp\/v2\/users\/1"}],"replies":[{"embeddable":true,"href":"https:\/\/www.bbyhaber.com\/bby\/wp-json\/wp\/v2\/comments?post=10155"}],"version-history":[{"count":0,"href":"https:\/\/www.bbyhaber.com\/bby\/wp-json\/wp\/v2\/posts\/10155\/revisions"}],"wp:attachment":[{"href":"https:\/\/www.bbyhaber.com\/bby\/wp-json\/wp\/v2\/media?parent=10155"}],"wp:term":[{"taxonomy":"category","embeddable":true,"href":"https:\/\/www.bbyhaber.com\/bby\/wp-json\/wp\/v2\/categories?post=10155"},{"taxonomy":"post_tag","embeddable":true,"href":"https:\/\/www.bbyhaber.com\/bby\/wp-json\/wp\/v2\/tags?post=10155"}],"curies":[{"name":"wp","href":"https:\/\/api.w.org\/{rel}","templated":true}]}}