{"id":10130,"date":"2013-03-12T10:03:02","date_gmt":"2013-03-12T08:03:02","guid":{"rendered":"http:\/\/www.bbyhaber.com\/bby\/?p=10130"},"modified":"2013-03-12T10:03:02","modified_gmt":"2013-03-12T08:03:02","slug":"anaokulu-ogrencilerinden-kutuphane-ziyareti-kirikkale","status":"publish","type":"post","link":"https:\/\/www.bbyhaber.com\/bby\/2013\/03\/12\/anaokulu-ogrencilerinden-kutuphane-ziyareti-kirikkale","title":{"rendered":"Anaokulu \u00d6\u011frencilerinden K\u00fct\u00fcphane Ziyareti-K\u0131r\u0131kkale"},"content":{"rendered":"<p style=\"text-align: justify;\">Bah\u015f\u0131l\u0131 il\u00e7esinde e\u011fitim veren \u00f6zel bir anaokulu \u00f6\u011frencileri K\u0131r\u0131kkale Halk K\u00fct\u00fcphanesini ziyaret etti. Minik \u00f6\u011frencilere k\u00fct\u00fcphanenin kullan\u0131m ama\u00e7lar\u0131 ve k\u00fct\u00fcphanedeki davran\u0131\u015flar \u00f6\u011fretilirken, kitap okuman\u0131n da ne kadar \u00f6nemli oldu\u011funa vurgu yap\u0131ld\u0131. K\u00fct\u00fcphanede sessiz bir \u015fekilde oturulmas\u0131 gerekti\u011fini \u00f6\u011frenen minikler daha sonra \u00f6\u011fretmenleri ve k\u00fct\u00fcphane yetkililerinin e\u015fli\u011finde kitap okudular. K\u00fct\u00fcphaneyi seven minikler, binlerce kitab\u0131 bir arada g\u00f6rmenin \u015fa\u015fk\u0131nl\u0131\u011f\u0131n\u0131 da ya\u015fad\u0131lar.<!--more--><\/p>\n<p style=\"text-align: justify;\">Okul M\u00fcd\u00fcr\u00fc Ganime \u015eener, AA muhabirine yapt\u0131\u011f\u0131 a\u00e7\u0131klamada:<\/p>\n<p style=\"text-align: justify;\">&#8220;Okuma al\u0131\u015fkanl\u0131\u011f\u0131, anaokulu ve ilkokulda kazan\u0131lan bir al\u0131\u015fkanl\u0131k olmas\u0131na ra\u011fmen okul \u00f6ncesi d\u00f6nemde bir\u00e7ok etmen, ki\u015fiyi bu al\u0131\u015fkanl\u0131\u011fa haz\u0131rlamaktad\u0131r. Bu etmenler, aile, \u00e7evre ve okul \u00f6ncesi kurumlard\u0131r. Bu d\u00f6nemde oyun ve e\u011flence \u00f6n plandad\u0131r. \u00c7ocuklar\u0131n geli\u015fimi bir yandan oyun oynarken di\u011fer yandan da \u00e7evresindekileri takip ederek \u00f6\u011frenme \u015feklinde olmaktad\u0131r.&#8221;<\/p>\n<p style=\"text-align: justify;\">Sahip olduklar\u0131 merak ve ke\u015ffetme duygular\u0131yla \u00e7evresindekileri izleyerek \u00f6\u011frenen \u00e7ocuklar\u0131n kitapla etkile\u015fimlerinin bu d\u00f6nemde oldu\u011fu d\u00fc\u015f\u00fcncesiyle Halk K\u00fct\u00fcphanesi&#8217;ni ziyaret ettiklerini belirten \u015eener, kendilerine destek veren K\u00fct\u00fcphane M\u00fcd\u00fcr\u00fc Zeliha Atay ve personeline \u00e7ok te\u015fekk\u00fcr etti.<\/p>\n<p style=\"text-align: justify;\">M\u00fcd\u00fcr Atay ise, haftada bir anaokulunu k\u00fct\u00fcphaneye davet ettiklerini belirterek, \u00e7ocuklara k\u00fct\u00fcphanenin \u00f6nemini anlatt\u0131klar\u0131n\u0131 s\u00f6yledi.<\/p>\n<p style=\"text-align: justify;\">Kaynak:http:\/\/haberciniz.biz<\/p>\n","protected":false},"excerpt":{"rendered":"<p>Bah\u015f\u0131l\u0131 il\u00e7esinde e\u011fitim veren \u00f6zel bir anaokulu \u00f6\u011frencileri K\u0131r\u0131kkale Halk K\u00fct\u00fcphanesini ziyaret etti. Minik \u00f6\u011frencilere k\u00fct\u00fcphanenin kullan\u0131m ama\u00e7lar\u0131 ve k\u00fct\u00fcphanedeki davran\u0131\u015flar \u00f6\u011fretilirken, kitap okuman\u0131n da ne kadar \u00f6nemli oldu\u011funa vurgu yap\u0131ld\u0131. K\u00fct\u00fcphanede sessiz bir \u015fekilde oturulmas\u0131 gerekti\u011fini \u00f6\u011frenen minikler daha sonra \u00f6\u011fretmenleri ve k\u00fct\u00fcphane yetkililerinin e\u015fli\u011finde kitap okudular. K\u00fct\u00fcphaneyi seven minikler, binlerce kitab\u0131 bir arada [&hellip;]<\/p>\n","protected":false},"author":1,"featured_media":0,"comment_status":"open","ping_status":"open","sticky":false,"template":"","format":"standard","meta":{"footnotes":""},"categories":[1],"tags":[848],"class_list":["post-10130","post","type-post","status-publish","format-standard","hentry","category-genel","tag-halk-kutuphaneleri"],"_links":{"self":[{"href":"https:\/\/www.bbyhaber.com\/bby\/wp-json\/wp\/v2\/posts\/10130"}],"collection":[{"href":"https:\/\/www.bbyhaber.com\/bby\/wp-json\/wp\/v2\/posts"}],"about":[{"href":"https:\/\/www.bbyhaber.com\/bby\/wp-json\/wp\/v2\/types\/post"}],"author":[{"embeddable":true,"href":"https:\/\/www.bbyhaber.com\/bby\/wp-json\/wp\/v2\/users\/1"}],"replies":[{"embeddable":true,"href":"https:\/\/www.bbyhaber.com\/bby\/wp-json\/wp\/v2\/comments?post=10130"}],"version-history":[{"count":0,"href":"https:\/\/www.bbyhaber.com\/bby\/wp-json\/wp\/v2\/posts\/10130\/revisions"}],"wp:attachment":[{"href":"https:\/\/www.bbyhaber.com\/bby\/wp-json\/wp\/v2\/media?parent=10130"}],"wp:term":[{"taxonomy":"category","embeddable":true,"href":"https:\/\/www.bbyhaber.com\/bby\/wp-json\/wp\/v2\/categories?post=10130"},{"taxonomy":"post_tag","embeddable":true,"href":"https:\/\/www.bbyhaber.com\/bby\/wp-json\/wp\/v2\/tags?post=10130"}],"curies":[{"name":"wp","href":"https:\/\/api.w.org\/{rel}","templated":true}]}}