{"id":10119,"date":"2013-03-12T09:06:12","date_gmt":"2013-03-12T07:06:12","guid":{"rendered":"http:\/\/www.bbyhaber.com\/bby\/?p=10119"},"modified":"2016-03-23T15:34:09","modified_gmt":"2016-03-23T13:34:09","slug":"tkd-izmir-subesi-49-kutuphane-haftasi-programi","status":"publish","type":"post","link":"https:\/\/www.bbyhaber.com\/bby\/2013\/03\/12\/tkd-izmir-subesi-49-kutuphane-haftasi-programi","title":{"rendered":"TKD \u0130zmir \u015eubesi 49. K\u00fct\u00fcphane Haftas\u0131 Program\u0131"},"content":{"rendered":"<p><img loading=\"lazy\" decoding=\"async\" class=\"alignleft\" src=\"http:\/\/izmir.kutuphaneci.org.tr\/wp-content\/uploads\/2013\/01\/nesliUntitled-1-011.png\" alt=\"\" width=\"279\" height=\"98\" \/><strong><span style=\"color: #ff0000;\">TKD \u0130zmir \u015eubesi 49. K\u00fct\u00fcphane Haftas\u0131 Program\u0131<!--more--><\/span><\/strong><\/p>\n<p>&nbsp;<\/p>\n<p><span style=\"color: #0000ff;\">\u00a0<strong>Sizde, 49. K\u00fct\u00fcphane Haftas\u0131 Program\u0131n\u0131z\u0131 g\u00f6nderebilirsiniz (bbyhaber@gmail.com)<\/strong><\/span>.<\/p>\n<p>{tab=25 Mart}<\/p>\n<p><strong>10:00 <\/strong>Atat\u00fcrk An\u0131t\u0131na \u00c7elenk Konulmas\u0131 Sayg\u0131 Duru\u015fu ve \u0130stiklal Mar\u015f\u0131 Konu\u015fmalar<\/p>\n<p>TKD \u0130zmir \u015eubesi Ba\u015fkan\u0131<\/p>\n<p>\u0130l K\u00fclt\u00fcr ve Turizm M\u00fcd\u00fcr\u00fc<\/p>\n<p>\u0130zmir Valisi (Te\u015frifleri halinde)<\/p>\n<p>Bas\u0131n Bildirisinin Da\u011f\u0131t\u0131lmas\u0131<\/p>\n<p>\u015eenlik Y\u00fcr\u00fcy\u00fc\u015f\u00fc<\/p>\n<p><strong>Yer: <\/strong>Cumhuriyet Meydan\u0131<\/p>\n<p><strong>11.00-11:30 Sergi A\u00e7\u0131l\u0131\u015f <\/strong><\/p>\n<p>\u201cKarikat\u00fcrc\u00fc G\u00f6z\u00fcyle K\u00fct\u00fcphane ve K\u00fct\u00fcphane \u00c7al\u0131\u015fanlar\u0131\u201d Karikat\u00fcrc\u00fcler Derne\u011fi \u0130zmir Temsilcili\u011fi\/T\u00fcrk K\u00fct\u00fcphaneciler Derne\u011fi \u0130zmir \u015eubesi<\/p>\n<p><strong>Yer: <\/strong>Konak Metro \u0130stasyonu<\/p>\n<p><strong>11:30-12.30 \u0130zmir Kitap Okuyor <\/strong><\/p>\n<p><strong>Yer: <\/strong>Konak Meydan\u0131<\/p>\n<p><strong>14:00 49. K\u00fct\u00fcphane Haftas\u0131 A\u00e7\u0131l\u0131\u015f T\u00f6reni <\/strong><\/p>\n<p><strong>\u201c<\/strong>\u0130zmir K\u00fct\u00fcphaneleri\u201d Sunum<\/p>\n<p><strong>Sayg\u0131 Duru\u015fu ve \u0130stiklal Mar\u015f\u0131 Konu\u015fmalar <\/strong><\/p>\n<p>TKD \u0130zmir \u015eubesi Ba\u015fkan\u0131<\/p>\n<p>\u0130l K\u00fclt\u00fcr ve Turizm M\u00fcd\u00fcr\u00fc<\/p>\n<p>\u0130zmir Valisi (Te\u015frifleri halinde)<\/p>\n<p><strong>\u00d6d\u00fcl T\u00f6reni <\/strong><\/p>\n<p>49.K\u00fct\u00fcphane Haftas\u0131 Satran\u00e7 Turnuvas\u0131 \u00d6d\u00fclleri 2012 Y\u0131l\u0131 En \u00c7ok Kitap Okuyan \u00d6d\u00fclleri<\/p>\n<p><strong>A\u00e7\u0131l\u0131\u015f Konferans\u0131 <\/strong><\/p>\n<p>\u0130nci ARAL Yazar<\/p>\n<p><strong>Halk Oyunlar\u0131 G\u00f6sterisi \/ Kar\u015f\u0131yaka Belediyesi <\/strong><\/p>\n<p><strong>Sergi A\u00e7\u0131l\u0131\u015f <\/strong><\/p>\n<p>\u201cKarikat\u00fcrc\u00fc G\u00f6z\u00fcyle K\u00fct\u00fcphane ve K\u00fct\u00fcphane \u00c7al\u0131\u015fanlar\u0131\u201d Karikat\u00fcrc\u00fcler Derne\u011fi \u0130zmir Temsilcili\u011fi\/ T\u00fcrk K\u00fct\u00fcphaneciler Derne\u011fi \u0130zmir \u015eubesi<\/p>\n<p>Kar\u015f\u0131yaka Belediyesi K\u00fclt\u00fcr Yay\u0131nlar\u0131 Sergisi<\/p>\n<p>Kokteyl\/M\u00fczik Dinletisi<\/p>\n<p><strong>Yer: <\/strong>Ziya G\u00f6kalp K\u00fclt\u00fcr Merkezi<\/p>\n<p>{tab=26 Mart}<\/p>\n<p><strong>10:00 Sokak Tiyatrosu <\/strong><\/p>\n<p>S\u00fcleyman Demirel \u00c7ok Programl\u0131 Lisesi\/\u0130zmir G\u00f6lge Oyuncular\u0131<\/p>\n<p><strong>Yer: <\/strong>Bornova \u0130l\u00e7e Halk K\u00fct\u00fcphanesi<\/p>\n<p><strong>10:30 Yazar Okuyucu Bulu\u015fmas\u0131 <\/strong><\/p>\n<p>Ye\u015fim DEN\u0130\u015e<\/p>\n<p>\u0130brahim D\u0130N\u00c7<\/p>\n<p><strong>Yer: <\/strong>Kar\u015f\u0131yaka \u00c7ocuk K\u00fct\u00fcphanesi<\/p>\n<p><strong>13:00 Tarih Sanat M\u00fczesi Gezisi <\/strong><\/p>\n<p>Kars Halil Atilla \u0130lkokulu \u00d6\u011frencileri<\/p>\n<p>Bornova \u0130l\u00e7e Halk K\u00fct\u00fcphanesi\/ Han Tiyatrosu \u0130\u015fbirli\u011fiyle<\/p>\n<p><strong>14:00 Konferans \u201cBIX K\u00fct\u00fcphanecilik Endeksi\u201d &#8211; Federal Alman K\u00fct\u00fcphanelerini K\u0131yaslama Arac\u0131 ve Alman K\u00fct\u00fcphanecilik Derne\u011fi <\/strong><\/p>\n<p>Konu\u015fmac\u0131: Barbara L\u0130SON \/ Bremen \u015eehir K\u00fct\u00fcphanesi Direkt\u00f6r\u00fc ve Alman K\u00fct\u00fcphane Birli\u011fi Y\u00f6netim Kurulu \u00dcyesi<\/p>\n<p><strong>NOT: <\/strong>Sunum Almanca olup T\u00fcrk\u00e7e ard\u0131l terc\u00fcme yap\u0131lacakt\u0131r.<\/p>\n<p><strong>Yer: <\/strong>Goethe Enstit\u00fcs\u00fc K\u00fct\u00fcphanesi<\/p>\n<p><strong>\u0130kram <\/strong><\/p>\n<p><strong>20:00 Tiyatro G\u00f6sterisi <\/strong><\/p>\n<p>\u201c\u00c7irkin\u201d<\/p>\n<p>49. K\u00fct\u00fcphane Haftas\u0131 \u00d6zel G\u00f6steri<\/p>\n<p><strong>Yer: <\/strong>Han Tiyatrosu Alsancak<\/p>\n<p><strong>NOT: <\/strong>Kat\u0131lmak isteyen \u00fcyelerimiz izmir@kutuphaneci.org.tr adresine ad\u0131, soyad\u0131, kurumu, ileti\u015fim numaras\u0131 ve kat\u0131laca\u011f\u0131 ki\u015fi say\u0131s\u0131n\u0131 belirten mail atmas\u0131 gerekmektedir.<\/p>\n<p>{tab=27 Mart}<\/p>\n<p><strong>10:00 Panel : Bilgi Hizmetlerinde \u0130novasyon: K\u00fct\u00fcphaneler ve K\u00fct\u00fcphaneciler <\/strong><\/p>\n<p><strong>D\u00fczenleyen: <\/strong>D.E.\u00dc.Avrupa Birli\u011fi Dok\u00fcmantasyon Merkezi ve TKD \u0130zmir \u015eubesi<\/p>\n<p><strong>Panel Ba\u015fkan\u0131: <\/strong>Prof.Dr. Canan BALKIR \/ D.E.\u00dc. Avrupa Birli\u011fi Anabilim Dal\u0131 Ba\u015fkan\u0131<\/p>\n<p><strong>Kat\u0131l\u0131mc\u0131lar:<\/strong>\u201cAvrupa Birli\u011fi S\u00fcrecinde Bilgi Hizmetlerinde \u0130novasyon\u201d<\/p>\n<p>Uzm. Nihal K\u00d6SE \/ D.E.\u00dc. Avrupa Birli\u011fi Dok. Merkezi Sorumlusu<\/p>\n<p><strong>10:30 <\/strong>\u201cYenile\u015fim Olgusunun K\u00fct\u00fcphane Hizmetlerindeki Yans\u0131malar\u0131:<\/p>\n<p>E-kaynaklara Eri\u015fimde Yakla\u015f\u0131mlar\u201d<\/p>\n<p>G\u00fclsevil A\u011eCA \/ Ya\u015far \u00dcniversitesi Bilgi Merkezi M\u00fcd\u00fcr\u00fc<\/p>\n<p><strong>11:00 <\/strong>\u201c\u0130novasyon S\u00fcrecinde T\u00fcrk K\u00fct\u00fcphaneciler Derne\u011finin Misyonu\u201d<\/p>\n<p>Uzm. Abdullah Murat METE \/ TKD \u0130zmir \u015eubesi Ba\u015fkan\u0131<\/p>\n<p><strong>11:30 <\/strong>\u201cYenile\u015fme S\u00fcrecinde Atat\u00fcrk \u0130l Halk K\u00fct\u00fcphanesi \u00d6rne\u011fi\u201c<\/p>\n<p>Yasemin YAZAR \/ Atat\u00fcrk \u0130l Halk K\u00fct\u00fcphanesi<\/p>\n<p><strong>Yer: <\/strong>Atat\u00fcrk \u0130l Halk K\u00fct\u00fcphanesi<\/p>\n<p><strong>\u0130kram <\/strong><\/p>\n<p><strong>11:00 Etkinlik <\/strong><\/p>\n<p>Personel \u201cS\u0130Z\u201d K\u00fct\u00fcphane: Bornova \u0130l\u00e7e Halk K\u00fct\u00fcphanesi Kullan\u0131c\u0131lar\u0131 \u0130\u015f Ba\u015f\u0131nda<\/p>\n<p><strong>Yer: <\/strong>Bornova \u0130l\u00e7e Halk K\u00fct\u00fcphanesi<\/p>\n<p><strong>11:00 Yazar Okuyucu Bulu\u015fmas\u0131 <\/strong><\/p>\n<p>Bekir YURDAKUL<\/p>\n<p>E\u015fref KARADA\u011e<\/p>\n<p><strong>Yer: <\/strong>Beyda\u011f<\/p>\n<p><strong>12:30-13:30 Yurt \u00c7ap\u0131nda Okuma Etkinli\u011fi <\/strong><\/p>\n<p><strong>Yer: <\/strong>Konak Meydan\u0131\/Bornova B\u00fcy\u00fck Park<\/p>\n<p><strong>14:00 Yazar Okuyucu Bulu\u015fmas\u0131 <\/strong><\/p>\n<p>Bekir YURDAKUL<\/p>\n<p>E\u015fref KARADA\u011e<\/p>\n<p><strong>Yer: <\/strong>Kiraz<\/p>\n<p><strong>14:00<\/strong>&#8211;<strong>15:00 Konferans <\/strong><\/p>\n<p>\u201cRDA, Yeni Bibliyografik Evren ve Ulusal Giri\u015fim\u201d<\/p>\n<p>Aysel G\u00dcM\u00dc\u015e K\u00fct\u00fcphaneci\/ RDA \u00c7al\u0131\u015fma Grubu<\/p>\n<p><strong>15:00<\/strong>&#8211;<strong>15:30 <\/strong>Ara<\/p>\n<p><strong>15:30-17:00 <\/strong>\u201cA\u00e7\u0131k Eri\u015fim Kavram\u0131 ve OpenAIREplus Projesi\u2019nin T\u00fcrkiye\u2019deki Yans\u0131malar\u0131\u201d<\/p>\n<p>Ata T\u00dcRKF\u0130DANI K\u00fct\u00fcphaneci\/ Ya\u015far \u00dcniversitesi<\/p>\n<p>G\u00fcltekin G\u00dcRDAL K\u00fct\u00fcphane M\u00fcd\u00fcr\u00fc\/ \u0130zmir Y\u00fcksek Teknoloji Enstit\u00fcs\u00fc<\/p>\n<p><strong>Yer: <\/strong>Ya\u015far \u00dcniversitesi Konferans Salonu<\/p>\n<p><strong>\u0130kram <\/strong><\/p>\n<p>{tab=28 Mart}<strong><\/strong><\/p>\n<p><strong>10:00 Panel <\/strong><\/p>\n<p>\u201cYenile\u015fim S\u00fcrecindeki K\u00fct\u00fcphanelerde Bilimsel Ara\u015ft\u0131rmalar\u0131 \u0130nceleyen Yeni Uluslararas\u0131 Platform\u201d<\/p>\n<p>Elsevier ve Scopus<\/p>\n<p><strong>Yer: <\/strong>Dokuz Eyl\u00fcl \u00dcniversitesi Merkez K\u00fct\u00fcphanesi Konferans Salonu<\/p>\n<p><strong>\u0130kram <\/strong>\u00d6\u011fle yeme\u011fi (Dokuz Eyl\u00fcl \u00dcniversitesi Sosyal Tesisleri \/ T\u0131naztepe)<\/p>\n<p><strong>10:30 Yazarlar Gen\u00e7lerle Konu\u015fuyor <\/strong><\/p>\n<p>Mehmet AT\u0130LLA<\/p>\n<p>Bekir YURDAKUL<\/p>\n<p>Habib BEKTA\u015e<\/p>\n<p><strong>Yer: <\/strong>Atat\u00fcrk \u0130l Halk K\u00fct\u00fcphanesi<\/p>\n<p><strong>13:00 49.K\u00fct\u00fcphane Haftas\u0131 Hat\u0131ra Orman\u0131 Olu\u015fturma <\/strong><\/p>\n<p>Gaziemir \u0130l\u00e7e Halk K\u00fct\u00fcphanesi Organizasyonu, Gaziemir Orman \u0130\u015fletme<\/p>\n<p>M\u00fcd\u00fcrl\u00fc\u011f\u00fc \/ Dokuz Eyl\u00fcl \u0130lkokulu ve Gaziemir Belediyesi Katk\u0131lar\u0131yla<\/p>\n<p><strong>14:00 K\u00fct\u00fcphane Haftas\u0131 \u00d6d\u00fcl T\u00f6reni <\/strong><\/p>\n<p><strong>Yer: <\/strong>Beyda\u011f \u0130l\u00e7e Halk K\u00fct\u00fcphanesi<\/p>\n<p><strong>14:30 Mini Dinleti <\/strong><\/p>\n<p>\u0130zmir Senfoni Orkestras\u0131, Opera ve Bale Sanat\u00e7\u0131lar\u0131<\/p>\n<p><strong>Yer: <\/strong>Kar\u015f\u0131yaka Hoca Mithat Halk K\u00fct\u00fcphanesi<\/p>\n<p><strong>14:30 Konferans : <\/strong><\/p>\n<p><strong>Kaynaktan Kullan\u0131c\u0131ya Bilgi Y\u00f6netiminde Yeni E\u011filimler \u2013 K\u00fclt\u00fcr Kurumlar\u0131nda Yans\u0131malar Dijitalle\u015ftirme ve Uluslararas\u0131 Payla\u015f\u0131m <\/strong><\/p>\n<p><strong>Konu\u015fmac\u0131lar: <\/strong><\/p>\n<p><strong>Oturum Ba\u015fkan\u0131: <\/strong>Ali TUTAL K\u00fct\u00fcphane M\u00fcd\u00fcr\u00fc\/ Ekonomi \u00dcniversitesi<\/p>\n<p>\u201c\u0130zmir Halk K\u00fct\u00fcphanelerinde Yenileme \u00c7al\u0131\u015fmalar\u0131\u201d<\/p>\n<p>Abd\u00fclaziz ED\u0130Z \u0130l K\u00fclt\u00fcr ve Turizm M\u00fcd\u00fcr\u00fc<\/p>\n<p>\u201cDijital \u0130\u00e7eri\u011fin Payla\u015f\u0131m\u0131nda Yeni E\u011filimler: Europeana Deneyiminin Ard\u0131ndan\u201d<\/p>\n<p>Do\u00e7. Dr. \u00d6zg\u00fcr K\u00dcLC\u00dc Hacettepe \u00dcniversitesi<\/p>\n<p>\u201cBilgi Arz\u0131n\u0131n D\u00fcn\u00fc, Bug\u00fcn\u00fc ve Yar\u0131n\u0131 \u2013 Bilgi Profesyonelli\u011fine Yans\u0131malar\u0131\u201d<\/p>\n<p>Do\u00e7. Dr. H\u00fcseyin ODABA\u015e Atat\u00fcrk \u00dcniversitesi<\/p>\n<p>\u201cYerelden Ulusala K\u00fclt\u00fcr Kurumlar\u0131nda Dijitalle\u015ftirme\u201d<\/p>\n<p>Yusuf YAL\u00c7IN K\u00fct\u00fcphane M\u00fcd\u00fcr\u00fc\/ \u0130zmir \u00dcniversitesi<\/p>\n<p>Mehtap AKG\u00dcN K\u00fct\u00fcphaneci\/ Ya\u015far \u00dcniversitesi<\/p>\n<p><strong>15:30 Poster Sunumu <\/strong><\/p>\n<p>\u201cKullan\u0131c\u0131 Odakl\u0131 Yenile\u015fim ve Bornova \u0130l\u00e7e Halk K\u00fct\u00fcphanesi\u201d<\/p>\n<p>Selva TURAN K\u00fct\u00fcphaneci \/ Bornova \u0130l\u00e7e Halk K\u00fct\u00fcphanesi<\/p>\n<p>Nurcan \u015e\u0130M\u015eEK \u015eef \/Bornova \u0130l\u00e7e Halk K\u00fct\u00fcphanesi<\/p>\n<p><strong>16:00 <\/strong>\u201cHalk K\u00fct\u00fcphanelerinde Mekansal Tasar\u0131m: \u0130zmir \u00d6rne\u011fi\u201d<\/p>\n<p>Asuman Nesibe G\u00d6K M\u00fcd\u00fcr \/Bornova \u0130l\u00e7e Halk K\u00fct\u00fcphanesi<\/p>\n<p><strong>Yer: <\/strong>\u0130zmir \u00dcniversitesi<\/p>\n<p><strong>\u0130kram <\/strong><\/p>\n<p>{tab=29 Mart}<strong><\/strong><\/p>\n<p><strong>10:30 S\u00f6yle\u015fi <\/strong><\/p>\n<p>\u015eair ve Yazarlar Gen\u00e7lerle Bulu\u015fuyor<\/p>\n<p>\u0130brahim K\u0130RAZ Ara\u015ft\u0131rmac\u0131 Yazar<\/p>\n<p>Fikri Onay BULANIK \u015eair<\/p>\n<p>Tuba CAN \u015eair<\/p>\n<p>Osman B\u0130L\u0130R \u015eair<\/p>\n<p><strong>Yer: <\/strong>Beyda\u011f \u0130l\u00e7e Halk K\u00fct\u00fcphanesi<\/p>\n<p><strong>11:00 Yazar Okuyucu Bulu\u015fmas\u0131 <\/strong><\/p>\n<p>Habib BEKTA\u015e<\/p>\n<p><strong>Yer: <\/strong>Tire<\/p>\n<p><strong>13:30 <\/strong>\u201c\u015eark\u0131larla K\u00fct\u00fcphane\u201d<\/p>\n<p>I\u015f\u0131ltan U\u015eAKLIG\u0130L\/U\u00e7an Balon Anaokulu<\/p>\n<p><strong>Yer: <\/strong>Bornova \u0130l\u00e7e Halk K\u00fct\u00fcphanesi<\/p>\n<p><strong>14:00 Yazar Okuyucu Bulu\u015fmas\u0131 <\/strong><\/p>\n<p>Bekir YURDAKUL<\/p>\n<p><strong>Yer: <\/strong>Tire<\/p>\n<p><strong>14:00 Konferans <\/strong><\/p>\n<p>\u201cToplumsal Diyalog ve \u0130\u015fbirli\u011fi i\u00e7in Yenilik\u00e7i K\u00fct\u00fcphaneler\u201d<\/p>\n<p>\u00d6\u011fr. G\u00f6r. Dr. Esin Sultan O\u011fuz \/ Hacettepe \u00dcniversitesi<\/p>\n<p><strong>15:30 <\/strong>Ara ve M\u00fczik Dinletisi<\/p>\n<p><strong>16:00 S\u00f6yle\u015fi <\/strong><\/p>\n<p>\u201cT\u00fcrk K\u00fct\u00fcphaneciler Derne\u011fi\u201d<\/p>\n<p>Ali Fuat KARTAL-TKD Genel Ba\u015fkan\u0131<\/p>\n<p><strong>Yer: <\/strong>Dokuz Eyl\u00fcl \u00dcniversitesi T\u0131naztepe Merkez K\u00fct\u00fcphanesi<\/p>\n<p><strong>\u0130kram <\/strong><\/p>\n<p><strong>19:00 \u015eiir ve M\u00fczik Dinletisi <\/strong><\/p>\n<p>\u015eair\/ Yazar Ataol BEHRAMO\u011eLU<\/p>\n<p>\u015eiir ve M\u00fczik Haluk \u00c7ET\u0130N<\/p>\n<p><strong>Yer: <\/strong>Bornova Belediyesi Nikah Salonu<\/p>\n<p><strong>20:30 Gala Yeme\u011fi <\/strong><\/p>\n<p>Davetiyelidir<\/p>\n<p>{tab=30 Mart}<strong><\/strong><\/p>\n<p><strong>10:00 Sosyal Etkinlik \u2013 K\u00fclt\u00fcr Gezisi <\/strong><\/p>\n<p><strong>Hafta Boyunca Genel \u00c7al\u0131\u015fmalar <\/strong><\/p>\n<p><strong>Film G\u00f6sterimleri <\/strong><\/p>\n<p>*Ege \u00dcniversitesi K\u00fct\u00fcphanesi Seminer Salonu<\/p>\n<p>Hafta i\u00e7i her g\u00fcn 17:00 Film g\u00f6sterimi<\/p>\n<p>*Dokuz Eyl\u00fcl \u00dcniversitesi Merkez K\u00fct\u00fcphanesi Sinema Salonu<\/p>\n<p>Hafta i\u00e7i her g\u00fcn 12:30 Film g\u00f6sterimi<\/p>\n<p>*Ya\u015far \u00dcniversitesi Sinema Salonu<\/p>\n<p>25 Mart 2013 saat 10:00-12:30 \u201cYedi\u201d<\/p>\n<p>29 Mart 2013 saat 13:30-16.00 \u201cMelekler \u015eehri\u201d<\/p>\n<p><strong>Satran\u00e7 Turnuvas\u0131 <\/strong><\/p>\n<p>\u201c49.K\u00fct\u00fcphane Haftas\u0131 Satran\u00e7 Turnuvas\u0131\u201d 24 Mart 2013<\/p>\n<p>\u0130zmir Atat\u00fcrk Gen\u00e7lik Merkezi Kat\u0131l\u0131m\u0131yla<\/p>\n<p>\u201cKarikat\u00fcrc\u00fc G\u00f6z\u00fcyle K\u00fct\u00fcphane ve K\u00fct\u00fcphane \u00c7al\u0131\u015fanlar\u0131\u201d<\/p>\n<p>Bornova \u0130l\u00e7e Halk K\u00fct\u00fcphanesi \/ Karikat\u00fcrc\u00fcler Derne\u011fi \u0130zmir Temsilcili\u011fi<\/p>\n<p><strong>Yer: <\/strong>Park Bornova<\/p>\n<p><strong>Karikat\u00fcr Sergisi <\/strong><\/p>\n<p>\u201cKarikat\u00fcrc\u00fc G\u00f6z\u00fcyle K\u00fct\u00fcphane ve K\u00fct\u00fcphane \u00c7al\u0131\u015fanlar\u0131\u201d<\/p>\n<p>Karikat\u00fcrc\u00fcler Derne\u011fi \u0130zmir Temsilcili\u011fi<\/p>\n<p><strong>Yer: <\/strong>Konak Metrosu\/ M. Ziya G\u00f6kalp K\u00fclt\u00fcr Merkezi\/ Park Bornova AVM\/ Ege \u00dcniversitesi K\u00fct\u00fcphanesi<\/p>\n<p><strong>Bilgilendirme Tan\u0131t\u0131m <\/strong><\/p>\n<p>25-31 Mart 2013 tarihleri aras\u0131nda Atat\u00fcrk \u0130l Halk K\u00fct\u00fcphanesi Gezici K\u00fct\u00fcphane arac\u0131 bilgilendirme ve tan\u0131t\u0131m amac\u0131yla \u00e7al\u0131\u015fma saatlerinde Konak Meydan\u0131nda olacakt\u0131r.<\/p>\n<p>{\/tabs}<\/p>\n","protected":false},"excerpt":{"rendered":"<p>TKD \u0130zmir \u015eubesi 49. K\u00fct\u00fcphane Haftas\u0131 Program\u0131<\/p>\n","protected":false},"author":1,"featured_media":0,"comment_status":"open","ping_status":"open","sticky":false,"template":"","format":"standard","meta":{"footnotes":""},"categories":[1470],"tags":[1461,1422],"class_list":["post-10119","post","type-post","status-publish","format-standard","hentry","category-49-kutuphane-haftasi","tag-kutuphane-haftasi","tag-tkd-izmir"],"_links":{"self":[{"href":"https:\/\/www.bbyhaber.com\/bby\/wp-json\/wp\/v2\/posts\/10119"}],"collection":[{"href":"https:\/\/www.bbyhaber.com\/bby\/wp-json\/wp\/v2\/posts"}],"about":[{"href":"https:\/\/www.bbyhaber.com\/bby\/wp-json\/wp\/v2\/types\/post"}],"author":[{"embeddable":true,"href":"https:\/\/www.bbyhaber.com\/bby\/wp-json\/wp\/v2\/users\/1"}],"replies":[{"embeddable":true,"href":"https:\/\/www.bbyhaber.com\/bby\/wp-json\/wp\/v2\/comments?post=10119"}],"version-history":[{"count":0,"href":"https:\/\/www.bbyhaber.com\/bby\/wp-json\/wp\/v2\/posts\/10119\/revisions"}],"wp:attachment":[{"href":"https:\/\/www.bbyhaber.com\/bby\/wp-json\/wp\/v2\/media?parent=10119"}],"wp:term":[{"taxonomy":"category","embeddable":true,"href":"https:\/\/www.bbyhaber.com\/bby\/wp-json\/wp\/v2\/categories?post=10119"},{"taxonomy":"post_tag","embeddable":true,"href":"https:\/\/www.bbyhaber.com\/bby\/wp-json\/wp\/v2\/tags?post=10119"}],"curies":[{"name":"wp","href":"https:\/\/api.w.org\/{rel}","templated":true}]}}