{"id":10113,"date":"2013-03-11T15:15:05","date_gmt":"2013-03-11T13:15:05","guid":{"rendered":"http:\/\/www.bbyhaber.com\/bby\/?p=10113"},"modified":"2013-03-27T09:50:18","modified_gmt":"2013-03-27T07:50:18","slug":"turk-kutuphaneciler-dernegi-istanbul-subesi-2013-yili-kutuphane-dostu-odulu-adaylari","status":"publish","type":"post","link":"https:\/\/www.bbyhaber.com\/bby\/2013\/03\/11\/turk-kutuphaneciler-dernegi-istanbul-subesi-2013-yili-kutuphane-dostu-odulu-adaylari","title":{"rendered":"T\u00fcrk K\u00fct\u00fcphaneciler Derne\u011fi \u0130stanbul \u015eubesi 2013 Y\u0131l\u0131 K\u00fct\u00fcphane Dostu \u00d6d\u00fcl\u00fc Adaylar\u0131"},"content":{"rendered":"<p style=\"text-align: justify;\">TKD \u0130stanbul \u015eubesi taraf\u0131ndan ilk kez 2004 y\u0131l\u0131nda verilen K\u00fct\u00fcphane Dostu \u00d6d\u00fcl\u00fc; \u00a0k\u00fct\u00fcphanelerin toplumla b\u00fct\u00fcnle\u015fmesini te\u015fvik eden ve buna y\u00f6nelik \u00f6zverili \u00e7al\u0131\u015fmalarda bulunan; k\u00fct\u00fcphanecilere \u00e7al\u0131\u015fma alan\u0131 sa\u011flayan ve \u00e7a\u011fda\u015f anlay\u0131\u015fla mesle\u011fin icra edilmesine f\u0131rsat tan\u0131yan; k\u00fct\u00fcphanelerin geli\u015fimi ve yayg\u0131nla\u015fmas\u0131 i\u00e7in ki\u015fisel ve kurumsal d\u00fczeyde inisiyatif alan ve bu konuda s\u00fcrd\u00fcr\u00fclebilir yakla\u015f\u0131mlar,<!--more--> \u00e7al\u0131\u015fmalar ve projeler ortaya koyan, alan\u0131m\u0131z d\u0131\u015f\u0131ndan ki\u015fi ve kurumlara verildi.\u00a0Ge\u00e7ti\u011fimiz g\u00fcnlerde sizlere yapt\u0131\u011f\u0131m\u0131z \u00e7a\u011fr\u0131 \u00fczerine bizlere iletti\u011finiz K\u00fct\u00fcphane Dostu Adaylar\u0131, K\u00fct\u00fcphane Haftas\u0131 Haz\u0131rl\u0131k Komitesi taraf\u0131ndan titizlikte de\u011ferlendirilmi\u015f ve oylamaya sunulacak \u00fc\u00e7 aday belirlenmi\u015ftir. 15 Mart 2013 mesai saati bitimine kadar a\u00e7\u0131k kalacak oylama sonucunda \u00f6d\u00fcle lay\u0131k g\u00f6r\u00fclen \u201c2012 K\u00fct\u00fcphane Dostu\u201dna \u00f6d\u00fcl\u00fc 25 Mart 2013 tarihinde Cemal Re\u015fit Rey Konser Salonu\u2019nda ger\u00e7ekle\u015ftirilecek olan 49. K\u00fct\u00fcphane Haftas\u0131 \u0130stanbul Resmi A\u00e7\u0131l\u0131\u015f T\u00f6reni\u2019nde takdim edilecektir.<\/p>\n<p>T\u00fcm \u00fcyelerimizi ve meslekta\u015flar\u0131m\u0131z\u0131 K\u00fct\u00fcphane Dostu \u00d6d\u00fcl\u00fc\u2019ne lay\u0131k g\u00f6rd\u00fckleri aday\u0131 oylama davet ediyoruz.<\/p>\n<p><strong>\u00a0Bilim \u0130la\u00e7\/ Bilim \u0130la\u00e7 Toplum G\u00f6n\u00fcll\u00fcleri Bilimin Karde\u015fleri \u201cTiyatroda\u201d Projesi<\/strong><\/p>\n<h3><img loading=\"lazy\" decoding=\"async\" src=\"http:\/\/kutuphanehaftasi.istanbulkutuphaneci.org\/sites\/kutuphanehaftasi.istanbulkutuphaneci.org\/files\/bilim-ilac.gif\" alt=\"Bilim \u0130la\u00e7\" width=\"240\" height=\"117\" \/><\/h3>\n<p style=\"text-align: justify;\">Adayl\u0131k gerek\u00e7esi: Bilim \u0130la\u00e7 Toplum G\u00f6n\u00fcll\u00fcleri taraf\u0131ndan g\u00f6n\u00fcll\u00fcler ve onlar\u0131n ailelerinden olu\u015fan tiyatro ekibi, \u00e7ocuklar\u0131n sosyal geli\u015fimlerine katk\u0131 sa\u011flamak i\u00e7in \u00e7ocuk oyunlar\u0131 sergiler ve maddi olanaklar\u0131 yetersiz \u00e7ocuklar\u0131n \u00fccretsiz izlemesi sa\u011flanmaktad\u0131r. Projenin kapsam\u0131nda oyunu izlemek isteyen yeti\u015fkinlerin giri\u015f i\u00e7in bir \u00e7ocuk kitab\u0131 vermesi ve bu toplanan kitaplarla okullara k\u00fct\u00fcphane yapt\u0131r\u0131lmas\u0131 nedeniyle aday g\u00f6sterilmi\u015ftir.<br \/>\n<a href=\"http:\/\/www.bilimilac.com.tr\/tr\/kurumsal-sorumluluk\/toplumsal-yatirim\/bilim-ilac-toplum-gonulluleri.html\" target=\"_blank\">http:\/\/www.bilimilac.com.tr\/tr\/kurumsal-sorumluluk\/toplumsal-yatirim\/bil&#8230;<\/a><\/p>\n<h3>GETEM\/ T\u00fcrk Telekom \u2013 Telefon k\u00fct\u00fcphanesi<\/h3>\n<h3><img loading=\"lazy\" decoding=\"async\" src=\"http:\/\/kutuphanehaftasi.istanbulkutuphaneci.org\/sites\/kutuphanehaftasi.istanbulkutuphaneci.org\/files\/getem.gif\" alt=\"Getem\" width=\"240\" height=\"117\" \/><\/h3>\n<p style=\"text-align: justify;\">Adayl\u0131k gerek\u00e7esi : Bo\u011fazi\u00e7i \u00dcniversitesi G\u00f6rme Engelliler Teknoloji E\u011fitim Laboratuar\u0131 (GETEM) ve T\u00fcrk Telekom i\u015fbirli\u011fiyle, b\u00f6lgesel ve ekonomik e\u015fitsizlikler nedeniyle online k\u00fct\u00fcphanelere eri\u015fim sa\u011flayamayan g\u00f6rme engelli vatanda\u015flar\u0131m\u0131za sunduklar\u0131 Telefon K\u00fct\u00fcphanesi Projesi nedeniyle aday g\u00f6sterilmi\u015ftir.<br \/>\n<a href=\"http:\/\/www.getem.boun.edu.tr\/\" target=\"_blank\">http:\/\/www.getem.boun.edu.tr\/<\/a><\/p>\n<h3>Merter Platformu\/O K\u00f6y \u00c7ok Uzak De\u011fil E\u011fitim Projesi<\/h3>\n<h3><img loading=\"lazy\" decoding=\"async\" src=\"http:\/\/kutuphanehaftasi.istanbulkutuphaneci.org\/sites\/kutuphanehaftasi.istanbulkutuphaneci.org\/files\/merter.gif\" alt=\"Merter\" width=\"240\" height=\"117\" \/><\/h3>\n<p style=\"text-align: justify;\">Adayl\u0131k gerek\u00e7esi : \u00c7o\u011funlu\u011fu tekstil sekt\u00f6r\u00fcnde faaliyet g\u00f6steren i\u015f adamlar\u0131 taraf\u0131ndan k\u00f6y \u00e7ocuklar\u0131na okuma deste\u011fi vermek amac\u0131yla kurulan Merter Platformu 4 ay gibi k\u0131sa bir s\u00fcrede 33 ilde , 2158 k\u00f6y okuluna 2 milyonu a\u015fk\u0131n kitap yard\u0131m\u0131 yapmas\u0131 ve okul k\u00fct\u00fcphaneleri kurmas\u0131 nedeniyle aday g\u00f6sterilmi\u015ftir.<br \/>\n<a href=\"http:\/\/www.merterplatformu.com\/index.php\" target=\"_blank\">http:\/\/www.merterplatformu.com\/index.php<\/a><\/p>\n<p><strong><span style=\"color: #0000ff;\"><a href=\"http:\/\/kutuphanehaftasi.istanbulkutuphaneci.org\/kutuphane-dostu-odulu\" target=\"_blank\"><span style=\"color: #0000ff;\">OY VERMEK \u0130\u00c7\u0130N TIKLAYINIZ<\/span><\/a><\/span><\/strong><\/p>\n","protected":false},"excerpt":{"rendered":"<p>TKD \u0130stanbul \u015eubesi taraf\u0131ndan ilk kez 2004 y\u0131l\u0131nda verilen K\u00fct\u00fcphane Dostu \u00d6d\u00fcl\u00fc; \u00a0k\u00fct\u00fcphanelerin toplumla b\u00fct\u00fcnle\u015fmesini te\u015fvik eden ve buna y\u00f6nelik \u00f6zverili \u00e7al\u0131\u015fmalarda bulunan; k\u00fct\u00fcphanecilere \u00e7al\u0131\u015fma alan\u0131 sa\u011flayan ve \u00e7a\u011fda\u015f anlay\u0131\u015fla mesle\u011fin icra edilmesine f\u0131rsat tan\u0131yan; k\u00fct\u00fcphanelerin geli\u015fimi ve yayg\u0131nla\u015fmas\u0131 i\u00e7in ki\u015fisel ve kurumsal d\u00fczeyde inisiyatif alan ve bu konuda s\u00fcrd\u00fcr\u00fclebilir yakla\u015f\u0131mlar,<\/p>\n","protected":false},"author":1,"featured_media":0,"comment_status":"open","ping_status":"open","sticky":false,"template":"","format":"standard","meta":{"footnotes":""},"categories":[],"tags":[1420],"class_list":["post-10113","post","type-post","status-publish","format-standard","hentry","tag-tkd-istanbul"],"_links":{"self":[{"href":"https:\/\/www.bbyhaber.com\/bby\/wp-json\/wp\/v2\/posts\/10113"}],"collection":[{"href":"https:\/\/www.bbyhaber.com\/bby\/wp-json\/wp\/v2\/posts"}],"about":[{"href":"https:\/\/www.bbyhaber.com\/bby\/wp-json\/wp\/v2\/types\/post"}],"author":[{"embeddable":true,"href":"https:\/\/www.bbyhaber.com\/bby\/wp-json\/wp\/v2\/users\/1"}],"replies":[{"embeddable":true,"href":"https:\/\/www.bbyhaber.com\/bby\/wp-json\/wp\/v2\/comments?post=10113"}],"version-history":[{"count":0,"href":"https:\/\/www.bbyhaber.com\/bby\/wp-json\/wp\/v2\/posts\/10113\/revisions"}],"wp:attachment":[{"href":"https:\/\/www.bbyhaber.com\/bby\/wp-json\/wp\/v2\/media?parent=10113"}],"wp:term":[{"taxonomy":"category","embeddable":true,"href":"https:\/\/www.bbyhaber.com\/bby\/wp-json\/wp\/v2\/categories?post=10113"},{"taxonomy":"post_tag","embeddable":true,"href":"https:\/\/www.bbyhaber.com\/bby\/wp-json\/wp\/v2\/tags?post=10113"}],"curies":[{"name":"wp","href":"https:\/\/api.w.org\/{rel}","templated":true}]}}