{"id":10110,"date":"2013-03-11T12:37:52","date_gmt":"2013-03-11T10:37:52","guid":{"rendered":"http:\/\/www.bbyhaber.com\/bby\/?p=10110"},"modified":"2013-03-11T12:37:52","modified_gmt":"2013-03-11T10:37:52","slug":"universiteli-ogrencilere-kutuphane-projesi","status":"publish","type":"post","link":"https:\/\/www.bbyhaber.com\/bby\/2013\/03\/11\/universiteli-ogrencilere-kutuphane-projesi","title":{"rendered":"\u00dcniversiteli \u00d6\u011frencilere K\u00fct\u00fcphane Projesi"},"content":{"rendered":"<p style=\"text-align: justify;\"><img loading=\"lazy\" decoding=\"async\" class=\"alignleft\" src=\"http:\/\/www.haberler.com\/haber-resimleri\/565\/universiteli-ogrencilere-kutuphane-projesi-4379565_o.jpg\" alt=\"\" width=\"233\" height=\"136\" \/>Malatya&#8217;n\u0131n Darende il\u00e7esinde Mehmet Pa\u015fa Halk K\u00fct\u00fcphanesi ve \u0130n\u00f6n\u00fc \u00dcniversitesi Bekir Il\u0131cak MYO aras\u0131nda \u00fcniversite \u00f6\u011frencilerini kitap okumaya ve ara\u015ft\u0131rmaya y\u00f6neltmek amac\u0131yla ortak bir \u00e7al\u0131\u015fma d\u00fczenlendi. \u0130l\u00e7e Halk K\u00fct\u00fcphanesi M\u00fcd\u00fcr\u00fc Nevim Ery\u0131lmaz Do\u011fan yapt\u0131\u011f\u0131 a\u00e7\u0131klamada, &#8220;Ge\u00e7ti\u011fimiz y\u0131l ba\u015flat\u0131lan Malatya Okuyor Kampanyas\u0131 dahilinde bizler de ge\u00e7en y\u0131ldan beri okuman\u0131n, ara\u015ft\u0131rman\u0131n \u00f6nemine vurgu yapmak i\u00e7in \u00e7al\u0131\u015fmalar yap\u0131yoruz.<!--more--> Son projemizde il\u00e7emizdeki \u00fcniversite y\u00f6netimi ile ortakla\u015fa \u00e7al\u0131\u015farak \u00fcniversite \u00f6\u011frencilerimize hem okumay\u0131 sevdirmek hem de gerek derslerinde gerekse hayatlar\u0131nda kendilerine gerekli bilgilere k\u00fct\u00fcphanemizde ula\u015fmalar\u0131n\u0131 sa\u011flamay\u0131 ama\u00e7lad\u0131k&#8221; dedi.<\/p>\n<p>Kaynak: http:\/\/www.haberler.com\/<\/p>\n","protected":false},"excerpt":{"rendered":"<p>Malatya&#8217;n\u0131n Darende il\u00e7esinde Mehmet Pa\u015fa Halk K\u00fct\u00fcphanesi ve \u0130n\u00f6n\u00fc \u00dcniversitesi Bekir Il\u0131cak MYO aras\u0131nda \u00fcniversite \u00f6\u011frencilerini kitap okumaya ve ara\u015ft\u0131rmaya y\u00f6neltmek amac\u0131yla ortak bir \u00e7al\u0131\u015fma d\u00fczenlendi. \u0130l\u00e7e Halk K\u00fct\u00fcphanesi M\u00fcd\u00fcr\u00fc Nevim Ery\u0131lmaz Do\u011fan yapt\u0131\u011f\u0131 a\u00e7\u0131klamada, &#8220;Ge\u00e7ti\u011fimiz y\u0131l ba\u015flat\u0131lan Malatya Okuyor Kampanyas\u0131 dahilinde bizler de ge\u00e7en y\u0131ldan beri okuman\u0131n, ara\u015ft\u0131rman\u0131n \u00f6nemine vurgu yapmak i\u00e7in \u00e7al\u0131\u015fmalar yap\u0131yoruz.<\/p>\n","protected":false},"author":1,"featured_media":0,"comment_status":"open","ping_status":"open","sticky":false,"template":"","format":"standard","meta":{"footnotes":""},"categories":[1],"tags":[],"class_list":["post-10110","post","type-post","status-publish","format-standard","hentry","category-genel"],"_links":{"self":[{"href":"https:\/\/www.bbyhaber.com\/bby\/wp-json\/wp\/v2\/posts\/10110"}],"collection":[{"href":"https:\/\/www.bbyhaber.com\/bby\/wp-json\/wp\/v2\/posts"}],"about":[{"href":"https:\/\/www.bbyhaber.com\/bby\/wp-json\/wp\/v2\/types\/post"}],"author":[{"embeddable":true,"href":"https:\/\/www.bbyhaber.com\/bby\/wp-json\/wp\/v2\/users\/1"}],"replies":[{"embeddable":true,"href":"https:\/\/www.bbyhaber.com\/bby\/wp-json\/wp\/v2\/comments?post=10110"}],"version-history":[{"count":0,"href":"https:\/\/www.bbyhaber.com\/bby\/wp-json\/wp\/v2\/posts\/10110\/revisions"}],"wp:attachment":[{"href":"https:\/\/www.bbyhaber.com\/bby\/wp-json\/wp\/v2\/media?parent=10110"}],"wp:term":[{"taxonomy":"category","embeddable":true,"href":"https:\/\/www.bbyhaber.com\/bby\/wp-json\/wp\/v2\/categories?post=10110"},{"taxonomy":"post_tag","embeddable":true,"href":"https:\/\/www.bbyhaber.com\/bby\/wp-json\/wp\/v2\/tags?post=10110"}],"curies":[{"name":"wp","href":"https:\/\/api.w.org\/{rel}","templated":true}]}}