{"id":10107,"date":"2013-03-11T12:36:10","date_gmt":"2013-03-11T10:36:10","guid":{"rendered":"http:\/\/www.bbyhaber.com\/bby\/?p=10107"},"modified":"2013-03-11T12:36:23","modified_gmt":"2013-03-11T10:36:23","slug":"canakkale-sehitleri-icin-1-milyon-kitap-cagrisi","status":"publish","type":"post","link":"https:\/\/www.bbyhaber.com\/bby\/2013\/03\/11\/canakkale-sehitleri-icin-1-milyon-kitap-cagrisi","title":{"rendered":"\u00c7anakkale \u015fehitleri i\u00e7in 1 milyon kitap \u00e7a\u011fr\u0131s\u0131"},"content":{"rendered":"<p style=\"text-align: justify;\">\u00c7anakkale Onsekiz Mart \u00dcniversitesi (\u00c7OM\u00dc) Rekt\u00f6r\u00fc Prof. Dr. Sedat La\u00e7iner, \u00c7anakkale Sava\u015flar\u0131&#8217;n\u0131n 100. y\u0131ld\u00f6n\u00fcm\u00fc i\u00e7in 1 milyon kitap ba\u011f\u0131\u015f \u00e7a\u011fr\u0131s\u0131nda bulundu. T\u00fcrkiye&#8217;nin en b\u00fcy\u00fck \u00fcniversite k\u00fct\u00fcphanesini \u00c7anakkale\u2019ye kurmay\u0131 ama\u00e7lad\u0131klar\u0131n\u0131 s\u00f6yleyen La\u00e7iner, \u201c1915 y\u0131l\u0131nda ecdad\u0131m\u0131z bu topraklarda bir destan yazd\u0131. D\u00fcnyan\u0131n s\u00fcper g\u00fc\u00e7lerini hem denizde, hem de karada ak\u0131l ve iman g\u00fcc\u00fcyle yenmeyi ba\u015fard\u0131lar.<!--more--> Bizler \u00c7anakkale Onsekiz Mart \u00dcniversitesi\u2019nin \u00f6\u011frencileri ve \u00e7al\u0131\u015fanlar\u0131 olarak, her sabah \u015fehitliklere bakarak g\u00fcne ba\u015fl\u0131yoruz, her ak\u015fam sava\u015flar\u0131n ya\u015fand\u0131\u011f\u0131 yerleri h\u00fcz\u00fcnl\u00fc g\u00f6zlerle seyrederek evlerimize d\u00f6n\u00fcyoruz. Bilim insanlar\u0131 ve b\u00f6ylesine \u015fanl\u0131 bir neslin \u00e7ocuklar\u0131 olarak en \u00f6nemli g\u00f6revimiz, yeni \u00c7anakkale Sava\u015flar\u0131 ya\u015famam\u0131z\u0131 \u00f6nleyecek \u00f6nlemleri almak, e\u011fer i\u015f ba\u015fa d\u00fc\u015ferse, ayn\u0131 ruh ile hareket edecek nesilleri yeti\u015ftirmektir. Bu bilin\u00e7le \u00c7anakkale \u015fehitlerine ve t\u00fcm \u015fehitlerimize verilebilecek en g\u00fczel arma\u011fan, \u015fehitliklerin hemen kar\u015f\u0131s\u0131na d\u00fcnyan\u0131n en sayg\u0131n bilim-irfan yuvalar\u0131ndan birini in\u015fa edebilmektir. Bu ise \u00e7ok iyi bir k\u00fct\u00fcphane ile m\u00fcmk\u00fcnd\u00fcr. ABD\u2019de iyi bir \u00fcniversitenin k\u00fct\u00fcphanesinde 3-4 milyon ciltten az kitap bulunmaz. Bizde ise k\u00fct\u00fcphanesinde 1 milyon cilt kitap bulunan \u00fcniversite k\u00fct\u00fcphanesi bulunmamaktad\u0131r. Bu ac\u0131 ger\u00e7e\u011fin fark\u0131nda olarak \u00c7anakkale Onsekiz Mart \u00dcniversitesi 2015\u2019te, \u00c7anakkale Sava\u015flar\u0131\u2019n\u0131n 100. y\u0131l\u0131nda 1 milyon kitaba ula\u015fmay\u0131 hedeflemektedir. Bu hedefe sadece \u00fcniversite imkanlar\u0131yla ula\u015fman\u0131n zorlu\u011fu ortadad\u0131r. Bu ba\u011flamda t\u00fcm halk\u0131m\u0131z\u0131n kitap ba\u011f\u0131\u015flar\u0131n\u0131 bekliyoruz\u201d dedi.<\/p>\n<p style=\"text-align: justify;\"><strong>\u015e\u0130MD\u0130DEN 360 B\u0130NE ULA\u015eILDI<\/strong><br \/>\n\u00c7OM\u00dc Rekt\u00f6r\u00fc Prof. Dr. Sedat La\u00e7iner, 18 Mart 2012\u2019de ba\u015flatt\u0131klar\u0131 kampanyaya bug\u00fcne kadar yo\u011fun bir kat\u0131l\u0131m oldu\u011funu, ba\u011f\u0131\u015flar ve \u00fcniversitenin al\u0131mlar\u0131 sayesinde \u00c7OM\u00dc K\u00fct\u00fcphanesi\u2019nde kitap say\u0131s\u0131n\u0131n 87 binden 360 bine ula\u015ft\u0131\u011f\u0131n\u0131 kaydetti. La\u00e7iner, \u201cKampanyam\u0131za ilgi inan\u0131lmaz d\u00fczeylerde. \u0130lkokul, ortaokul \u00e7ocuklar\u0131 bile har\u00e7l\u0131klar\u0131ndan ay\u0131r\u0131p kampanyam\u0131za kat\u0131l\u0131yor. Son derece duygulu anlar ya\u015f\u0131yoruz. Adeta T\u00fcrkiye\u2019nin d\u00f6rt bir yan\u0131ndan \u00c7anakkale\u2019ye kitap ya\u011f\u0131yor. E\u011fer bu \u015fekilde devam ederse, 2015 y\u0131l\u0131nda, \u00c7anakkale Sava\u015flar\u0131\u2019n\u0131n 100. y\u0131l\u0131nda 1 milyon kitap hedefimizi tutturabilece\u011fiz. \u015eimdiden 360 bin kitaba ula\u015ft\u0131k. 200 bin elektronik kitab\u0131 da eklersek k\u00fct\u00fcphanede ula\u015fabilece\u011finiz kitap say\u0131m\u0131z 560 bini a\u015f\u0131yor. \u00dcstelik depolar\u0131m\u0131zda da kataloglamay\u0131 bekleyen 100 bin kadar kitap daha var\u201d diye konu\u015ftu.<\/p>\n<p style=\"text-align: justify;\">Bug\u00fcne kadar \u015fehitler i\u00e7in abideler yap\u0131ld\u0131\u011f\u0131n\u0131, heykeller dikildi\u011fini, ancak as\u0131l yap\u0131lmas\u0131 gerekenin \u015fehitlerin yan\u0131 ba\u015f\u0131na b\u00fcy\u00fck bir \u00fcniversite k\u00fct\u00fcphanesi kurmak oldu\u011funu belirten La\u00e7iner, s\u00f6zlerini \u015f\u00f6yle s\u00fcrd\u00fcrd\u00fc:<\/p>\n<p style=\"text-align: justify;\">\u201cBiliyorsunuz \u00c7anakkale \u015eehitler Abidesi, zaman\u0131nda halk\u0131n katk\u0131lar\u0131yla yap\u0131labilmi\u015fti. Son 10 y\u0131lda devlet \u015fehitliklere inan\u0131lmaz bir \u00f6nem veriyor. Her yerde muazzam abideler ve an\u0131tlar ortaya \u00e7\u0131kt\u0131. 100. y\u0131l yakla\u015f\u0131rken bu \u00e7al\u0131\u015fmalara bir yenisini daha eklemenin zaman\u0131 gelmi\u015ftir. \u015eehitlerimize 1 milyon kitap hediye etmenin zaman\u0131 gelmi\u015ftir. \u015eehitlerimiz \u00fclkelerini kurtarabilmek i\u00e7in okullar\u0131n\u0131 yar\u0131m b\u0131rakt\u0131lar, okuyabilecekleri romanlar\u0131, \u015fiirleri, kitaplar\u0131 kendilerinden sonra gelecek nesillere hediye ettiler. Onlar okuyamad\u0131lar, bari onlar\u0131n torunlar\u0131 okusun. \u00c7anakkale\u2019de \u015fehitlerimiz i\u00e7in olu\u015fturdu\u011fumuz k\u00fct\u00fcphanemize g\u00f6nderilecek her kitap, asl\u0131nda \u015fehitlerimizin okumak istedikleri, ama \u015fehit olduklar\u0131 i\u00e7in okuyamad\u0131klar\u0131 kitaplar olacakt\u0131r. T\u00fcrk insan\u0131n\u0131n bu bilin\u00e7le kampanyaya sahip \u00e7\u0131kaca\u011f\u0131n\u0131 biliyorum.\u201d<\/p>\n<p style=\"text-align: justify;\">Kaynak: http:\/\/www.ogunhaber.com<\/p>\n","protected":false},"excerpt":{"rendered":"<p>\u00c7anakkale Onsekiz Mart \u00dcniversitesi (\u00c7OM\u00dc) Rekt\u00f6r\u00fc Prof. Dr. Sedat La\u00e7iner, \u00c7anakkale Sava\u015flar\u0131&#8217;n\u0131n 100. y\u0131ld\u00f6n\u00fcm\u00fc i\u00e7in 1 milyon kitap ba\u011f\u0131\u015f \u00e7a\u011fr\u0131s\u0131nda bulundu. T\u00fcrkiye&#8217;nin en b\u00fcy\u00fck \u00fcniversite k\u00fct\u00fcphanesini \u00c7anakkale\u2019ye kurmay\u0131 ama\u00e7lad\u0131klar\u0131n\u0131 s\u00f6yleyen La\u00e7iner, \u201c1915 y\u0131l\u0131nda ecdad\u0131m\u0131z bu topraklarda bir destan yazd\u0131. D\u00fcnyan\u0131n s\u00fcper g\u00fc\u00e7lerini hem denizde, hem de karada ak\u0131l ve iman g\u00fcc\u00fcyle yenmeyi ba\u015fard\u0131lar.<\/p>\n","protected":false},"author":1,"featured_media":0,"comment_status":"open","ping_status":"open","sticky":false,"template":"","format":"standard","meta":{"footnotes":""},"categories":[1],"tags":[],"class_list":["post-10107","post","type-post","status-publish","format-standard","hentry","category-genel"],"_links":{"self":[{"href":"https:\/\/www.bbyhaber.com\/bby\/wp-json\/wp\/v2\/posts\/10107"}],"collection":[{"href":"https:\/\/www.bbyhaber.com\/bby\/wp-json\/wp\/v2\/posts"}],"about":[{"href":"https:\/\/www.bbyhaber.com\/bby\/wp-json\/wp\/v2\/types\/post"}],"author":[{"embeddable":true,"href":"https:\/\/www.bbyhaber.com\/bby\/wp-json\/wp\/v2\/users\/1"}],"replies":[{"embeddable":true,"href":"https:\/\/www.bbyhaber.com\/bby\/wp-json\/wp\/v2\/comments?post=10107"}],"version-history":[{"count":0,"href":"https:\/\/www.bbyhaber.com\/bby\/wp-json\/wp\/v2\/posts\/10107\/revisions"}],"wp:attachment":[{"href":"https:\/\/www.bbyhaber.com\/bby\/wp-json\/wp\/v2\/media?parent=10107"}],"wp:term":[{"taxonomy":"category","embeddable":true,"href":"https:\/\/www.bbyhaber.com\/bby\/wp-json\/wp\/v2\/categories?post=10107"},{"taxonomy":"post_tag","embeddable":true,"href":"https:\/\/www.bbyhaber.com\/bby\/wp-json\/wp\/v2\/tags?post=10107"}],"curies":[{"name":"wp","href":"https:\/\/api.w.org\/{rel}","templated":true}]}}