{"id":10093,"date":"2013-03-11T10:19:58","date_gmt":"2013-03-11T08:19:58","guid":{"rendered":"http:\/\/www.bbyhaber.com\/bby\/?p=10093"},"modified":"2016-03-23T15:34:13","modified_gmt":"2016-03-23T13:34:13","slug":"kutuphanelerle-gelisin-degisin-ozgurlesin-49-kutuphane-haftasi-istanbul","status":"publish","type":"post","link":"https:\/\/www.bbyhaber.com\/bby\/2013\/03\/11\/kutuphanelerle-gelisin-degisin-ozgurlesin-49-kutuphane-haftasi-istanbul","title":{"rendered":"K\u00fct\u00fcphanelerle Geli\u015fin, De\u011fi\u015fin, \u00d6zg\u00fcrle\u015fin-49.K\u00fct\u00fcphane Haftas\u0131 \u0130stanbul"},"content":{"rendered":"<div style=\"text-align: justify;\">\n<div>\n<div>\n<p><strong>Bu y\u0131l 49. su kutlanacak olan K\u00fct\u00fcphane Haftas\u0131 etkinlikleri <span style=\"color: #0000ff;\">25-31 Mart tarihleri<\/span> aras\u0131nda ger\u00e7ekle\u015ftirilecek. Hafta boyunca t\u00fcm \u0130stanbul\u2019a yay\u0131lan etkinlik ve aktiviteler \u0130stanbul halk\u0131n\u0131 bekliyor<\/strong>. Programda yer alan ekinliklerin merkezinde her y\u0131l oldu\u011fu gibi \u0130stanbul halk\u0131 yer al\u0131yor. <strong>Hafta&#8217;n\u0131n slogan\u0131 ise bu y\u00f6neli\u015fi ifade ediyor : &#8220;K\u00fct\u00fcphanelerle Geli\u015fin, De\u011fi\u015fin, \u00d6zg\u00fcrle\u015fin&#8221;<\/strong>.<!--more--> K\u00fct\u00fcphanelerin sahip oldu\u011fu kaynaklar ve sundu\u011fu hizmetler arac\u0131l\u0131\u011f\u0131 ile \u00a0bireysel ve toplumsal de\u011fi\u015fimlere kaynakl\u0131k etme rol\u00fcnden hareketle, \u00a0\u0130stanbul\u2019da ya\u015fayan insanlar\u0131n, kentin bilgiye eri\u015fim k\u00f6pr\u00fcleri olan k\u00fct\u00fcphane ve bilgi merkezlerini ke\u015ffetmeleri i\u00e7in bir \u00e7a\u011fr\u0131 niteli\u011fi ta\u015f\u0131yan kutlama etkinliklerinde, \u0130stanbul\u2019un pek \u00e7ok yerinde \u00a0yeti\u015fkinlerden \u00e7ocuklara kadar yay\u0131lan \u00e7e\u015fitli aktiviteler ger\u00e7ekle\u015ftirilecek.<\/p>\n<p>K\u00fct\u00fcphane Haftas\u0131 Kutlama Program\u0131 ile; \u00a0 k\u00fct\u00fcphanelere y\u00f6nelik toplumsal bilin\u00e7 ve fark\u0131ndal\u0131k d\u00fczeyinin geli\u015ftirilmesi, k\u00fct\u00fcphane ve bilgi kurumlar\u0131n\u0131n ke\u015ffedilmesinin sa\u011flanmas\u0131 ve \u0130stanbul\u2019un ya\u015fayan k\u00fct\u00fcphanelerine toplumun merak ve ilgisini uyand\u0131rmak ve k\u00fct\u00fcphanenin bilgiye eri\u015fimdeki vazge\u00e7ilmez rol\u00fcne dikkat \u00e7ekilmesi ama\u00e7lan\u0131yor.<\/p>\n<p>24 Mart 2013 pazar g\u00fcn\u00fc, Belediye bandosu e\u015fli\u011finde T\u00fcnel Meydan\u0131n&#8217;ndan saat 15.00&#8217;te ba\u015flayacak geleneksel \u0130stanbul K\u00fct\u00fcphaneleri Y\u00fcr\u00fcyor etkinli\u011fi ile ba\u015flayacak hafta boyunca \u0130stanbul&#8217; daki k\u00fct\u00fcpheneler elliden fazla etkinli\u011fe evsahipli\u011fi yapacak. Haftan\u0131n dikkat \u00e7eken \u00f6nemli bir etkinli\u011fi de Geceleyin K\u00fct\u00fcphane . Etkinlikte \u0130stanbul&#8217;un \u00e7e\u015fitli il\u00e7elerindeki k\u00fct\u00fcphaneler saat 22.00&#8217;ye kadar kullan\u0131ma a\u00e7\u0131k olacak.<\/p>\n<p>Hafta program\u0131ndaki etkinliklerle ilgili bilgilere etkinlikler sayfas\u0131ndan ula\u015fabilirsiniz.<\/p>\n<p>Etkinliklerimize t\u00fcm \u0130stanbul halk\u0131 davetlidir.<\/p>\n<p><a href=\"http:\/\/kutuphanehaftasi.istanbulkutuphaneci.org\/sites\/kutuphanehaftasi.istanbulkutuphaneci.org\/files\/manset\/banner02_0.jpg\"><img loading=\"lazy\" decoding=\"async\" class=\"alignnone\" src=\"http:\/\/kutuphanehaftasi.istanbulkutuphaneci.org\/sites\/kutuphanehaftasi.istanbulkutuphaneci.org\/files\/manset\/banner02_0.jpg\" alt=\"\" width=\"229\" height=\"273\" \/><\/a><\/p>\n<p><a href=\"http:\/\/kutuphanehaftasi.istanbulkutuphaneci.org\" target=\"_blank\"><strong>Daha fazla detay i\u00e7in t\u0131klay\u0131n\u0131z<\/strong><\/a><\/p>\n<p>&nbsp;<\/p>\n<\/div>\n<\/div>\n<\/div>\n","protected":false},"excerpt":{"rendered":"<p>Bu y\u0131l 49. su kutlanacak olan K\u00fct\u00fcphane Haftas\u0131 etkinlikleri 25-31 Mart tarihleri aras\u0131nda ger\u00e7ekle\u015ftirilecek. Hafta boyunca t\u00fcm \u0130stanbul\u2019a yay\u0131lan etkinlik ve aktiviteler \u0130stanbul halk\u0131n\u0131 bekliyor. Programda yer alan ekinliklerin merkezinde her y\u0131l oldu\u011fu gibi \u0130stanbul halk\u0131 yer al\u0131yor. Hafta&#8217;n\u0131n slogan\u0131 ise bu y\u00f6neli\u015fi ifade ediyor : &#8220;K\u00fct\u00fcphanelerle Geli\u015fin, De\u011fi\u015fin, \u00d6zg\u00fcrle\u015fin&#8221;.<\/p>\n","protected":false},"author":1,"featured_media":0,"comment_status":"open","ping_status":"open","sticky":false,"template":"","format":"standard","meta":{"footnotes":""},"categories":[1470],"tags":[1461,1420],"class_list":["post-10093","post","type-post","status-publish","format-standard","hentry","category-49-kutuphane-haftasi","tag-kutuphane-haftasi","tag-tkd-istanbul"],"_links":{"self":[{"href":"https:\/\/www.bbyhaber.com\/bby\/wp-json\/wp\/v2\/posts\/10093"}],"collection":[{"href":"https:\/\/www.bbyhaber.com\/bby\/wp-json\/wp\/v2\/posts"}],"about":[{"href":"https:\/\/www.bbyhaber.com\/bby\/wp-json\/wp\/v2\/types\/post"}],"author":[{"embeddable":true,"href":"https:\/\/www.bbyhaber.com\/bby\/wp-json\/wp\/v2\/users\/1"}],"replies":[{"embeddable":true,"href":"https:\/\/www.bbyhaber.com\/bby\/wp-json\/wp\/v2\/comments?post=10093"}],"version-history":[{"count":0,"href":"https:\/\/www.bbyhaber.com\/bby\/wp-json\/wp\/v2\/posts\/10093\/revisions"}],"wp:attachment":[{"href":"https:\/\/www.bbyhaber.com\/bby\/wp-json\/wp\/v2\/media?parent=10093"}],"wp:term":[{"taxonomy":"category","embeddable":true,"href":"https:\/\/www.bbyhaber.com\/bby\/wp-json\/wp\/v2\/categories?post=10093"},{"taxonomy":"post_tag","embeddable":true,"href":"https:\/\/www.bbyhaber.com\/bby\/wp-json\/wp\/v2\/tags?post=10093"}],"curies":[{"name":"wp","href":"https:\/\/api.w.org\/{rel}","templated":true}]}}