{"id":1009,"date":"2011-03-16T15:19:26","date_gmt":"2011-03-16T13:19:26","guid":{"rendered":"http:\/\/www.bbyhaber.com\/bby\/?p=1009"},"modified":"2013-02-28T12:52:44","modified_gmt":"2013-02-28T10:52:44","slug":"izmir-milli-kutuphane-muze-olma-yonunde","status":"publish","type":"post","link":"https:\/\/www.bbyhaber.com\/bby\/2011\/03\/16\/izmir-milli-kutuphane-muze-olma-yonunde","title":{"rendered":"\u0130zmir Milli K\u00fct\u00fcphane M\u00fcze Olma Y\u00f6n\u00fcnde"},"content":{"rendered":"<p style=\"text-align: justify;\" align=\"justify\">1912&#8217;den beri hizmet veren \u0130zmir Milli K\u00fct\u00fcphane&#8217;nin K\u00fclt\u00fcr Bakanl\u0131\u011f\u0131&#8217;n\u0131n TBMM Milli E\u011fitim Komisyonu&#8217;na verdi\u011fi kanun tasar\u0131s\u0131 nedeniyle Derleme Kanunu kapsam\u0131ndan \u00e7\u0131kar\u0131lma ihtimali bulunuyor. \u0130zmir Milli K\u00fct\u00fcphane Vakf\u0131 Ba\u015fkan\u0131 Ulvi Pu\u011f, k\u00fct\u00fcphanenin Derleme Kanunu kapsam\u0131ndan \u00e7\u0131kar\u0131lmas\u0131 halinde m\u00fczeye d\u00f6nece\u011fine dikkat \u00e7ekerek, &#8220;Umuyoruz hem \u0130zmirli&#8217;ye hem de tarihe kar\u015f\u0131 yap\u0131lan bu haks\u0131zl\u0131k giderilir&#8221; dedi. <!--more--><\/p>\n<p style=\"text-align: justify;\" align=\"justify\">\u0130ZM\u0130R (ANKA) &#8211; 1912&#8217;den beri hizmet veren \u0130zmir Milli K\u00fct\u00fcphane&#8217;nin K\u00fclt\u00fcr Bakanl\u0131\u011f\u0131&#8217;n\u0131n TBMM Milli E\u011fitim Komisyonu&#8217;na verdi\u011fi kanun tasar\u0131s\u0131 nedeniyle Derleme Kanunu kapsam\u0131ndan \u00e7\u0131kar\u0131lma ihtimali bulunuyor. \u0130zmir Milli K\u00fct\u00fcphane Vakf\u0131 Ba\u015fkan\u0131 Ulvi Pu\u011f, k\u00fct\u00fcphanenin Derleme Kanunu kapsam\u0131ndan \u00e7\u0131kar\u0131lmas\u0131 halinde m\u00fczeye d\u00f6nece\u011fine dikkat \u00e7ekerek, &#8220;Umuyoruz hem \u0130zmirli&#8217;ye hem de tarihe kar\u015f\u0131 yap\u0131lan bu haks\u0131zl\u0131k giderilir&#8221; dedi.<\/p>\n<p style=\"text-align: justify;\" align=\"justify\">\u0130zmir Milli K\u00fct\u00fcphane Vakf\u0131 Ba\u015fkan\u0131 Ulvi Pu\u011f ANKA&#8217;ya yapt\u0131\u011f\u0131 a\u00e7\u0131klamada, 1934 y\u0131l\u0131nda Atat\u00fcrk&#8217;\u00fcn talimat\u0131yla Yaz\u0131l\u0131 Bas\u0131l\u0131 Eserler Derleme Kanunu olu\u015fturuldu\u011funu ve T\u00fcrkiye&#8217;deki be\u015f tane milli k\u00fct\u00fcphaneye yaz\u0131l\u0131 bas\u0131l\u0131 her eserden bir n\u00fcsha g\u00f6nderilmesininin kabul edili\u011fini belirtti. Pu\u011f, Atat\u00fcrk&#8217;\u00fcn \u0130zmir Milli K\u00fct\u00fcphane&#8217;yi \u00fc\u00e7 kez ziyaret etmi\u015f oldu\u011funu ifade ederek \u015funlar\u0131 s\u00f6yledi:<br \/>\n&#8220;\u00dcmmetten millet, enkazdan devlet, istibdattan Cumhuriyet kuruldu\u011fu d\u00f6nemde Atat\u00fcrk \u00fc\u00e7 kez ziyaret ediyor ve k\u00fct\u00fcphaneden haz duyup, kent belle\u011finin sa\u011fl\u0131kl\u0131 tutulmas\u0131 i\u00e7in Yaz\u0131l\u0131 ve Bas\u0131l\u0131 Eserleri Derleme Kanunu&#8217;nu \u00e7\u0131kar\u0131lmas\u0131n\u0131 \u00f6neriyor. Kanun 1934&#8217;te \u00e7\u0131k\u0131yor. Kanun sayesinde yaz\u0131l\u0131 bas\u0131l\u0131 eserlerin t\u00fcm\u00fcnden bir kopya k\u00fct\u00fcphaneye g\u00f6nderiliyor.&#8221;<\/p>\n<p style=\"text-align: justify;\" align=\"justify\"><strong>&#8220;PERSONEL, B\u00dcT\u00c7E VE YER SIKINTIMIZ YOK&#8221;<\/strong><\/p>\n<p style=\"text-align: justify;\" align=\"justify\">Pu\u011f, K\u00fclt\u00fcr Bakanl\u0131\u011f\u0131&#8217;n\u0131n k\u00fct\u00fcphaneyi derleme kanunu kapsam\u0131ndan \u00e7\u0131karma gerek\u00e7esinin &#8220;yer, b\u00fct\u00e7e ve personel s\u0131k\u0131nt\u0131s\u0131&#8221; oldu\u011funu ifade ederek, &#8220;Milli K\u00fct\u00fcphane bir vak\u0131f oldu\u011fu i\u00e7in zaten devletten para alan bir kurum de\u011fildir. Kald\u0131 ki biz kimseden para istemiyoruz. k\u00fct\u00fcphanemizin yan\u0131nda bulunan Elhamra Sinemas\u0131 ve Elhamra \u0130\u015f Han\u0131 bize aittir ve biz oran\u0131n geliriyle b\u00fct\u00e7e ve personel ihtiyac\u0131m\u0131z\u0131 kar\u015f\u0131l\u0131yoruz. Yer sorununa gelince, \u0130zmir B\u00fcy\u00fck\u015fehir Belediyesi&#8217;nin yapt\u0131rd\u0131\u011f\u0131 raf sistemiyle 100 bin kitap kapasiteli yani bize 5 y\u0131l daha yetecek bir kitapl\u0131\u011f\u0131m\u0131z bulunuyor&#8221; dedi.<br \/>\nK\u00fct\u00fcphanede sadece kitap de\u011fil doktora, do\u00e7entlik tezlerinin de bulundu\u011funu ve k\u00fct\u00fcphanenin t\u00fcm bunlar\u0131 tek ba\u015f\u0131na ne almaya ne de bulmaya k\u00fct\u00fcphanenin g\u00fcc\u00fcnin yetece\u011fini s\u00f6yelen Pu\u011f, &#8220;\u00dcstelik Kanun&#8217;un devlete y\u00fckledi\u011fi k\u00fclfet de yok. Kitaplar\u0131 yay\u0131nevleri yolluyor&#8221; diye konu\u015ftu.<\/p>\n<p style=\"text-align: justify;\" align=\"justify\"><strong>K\u00dcT\u00dcPHANEDE 4 B\u0130N\u0130 EL YAZMASI TOPLAM 750 B\u0130N ESER BULUNUYOR<\/strong><\/p>\n<p style=\"text-align: justify;\" align=\"justify\">AKP&#8217;nin Milli K\u00fct\u00fcphane&#8217;yi m\u00fczeye \u00e7evirmeye \u00e7al\u0131\u015ft\u0131\u011f\u0131n\u0131 \u00f6ne s\u00fcren Ulvi Pu\u011f &#8220;Yeni bir Cumhuriyet modeli kurmak i\u00e7in yap\u0131lacak ilk \u015fey mevcut Cumhuriyet&#8217;in de\u011ferlerini yok etmektir. Bizler gelecek nesillere aktar\u0131lacak olan paha bi\u00e7ilemez bir hazinenin bek\u00e7ileriyiz. K\u00fct\u00fcphanemizde 4 bini el yazmas\u0131 olan toplamda 750 bin civar\u0131nda kitap bulunuyor. E\u011fer k\u00fct\u00fcphanemiz Derleme Kanunu&#8217;ndan \u00e7\u0131kar\u0131l\u0131rsa k\u00fct\u00fcphanenin can damar\u0131 kesilmi\u015f olur ve k\u00fct\u00fcphane m\u00fczeye d\u00f6ner&#8221; dedi.<br \/>\n\u0130zmir Milli k\u00fct\u00fcphane&#8217;nin Mustafa Kemal Atat\u00fcrk&#8217;\u00fcn \u0131\u015f\u0131\u011f\u0131n\u0131 yaymay\u0131 kendisine d\u00fcstur edinmi\u015f oldu\u011funu ve bundan asla taviz vermeyeceklerini belirten Pu\u011f \u015funlar\u0131 s\u00f6yledi:<br \/>\n&#8220;K\u00fclt\u00fcr Bakanl\u0131\u011f\u0131 eksiklikler giderilirse tasar\u0131y\u0131 g\u00f6zden ge\u00e7iririz demi\u015fti. \u015eimdi eksiklerimizi gidermi\u015f olarak K\u00fclt\u00fcr Bakanl\u0131\u011f\u0131&#8217;ndan randevu talep ettik. Hala talebimize cevap bekliyoruz. Umuyoruz ki, K\u00fclt\u00fcr Bakanl\u0131\u011f\u0131 bu tarihi yanl\u0131\u015ftan d\u00f6necektir.&#8221;<strong style=\"text-align: justify;\"><\/strong><\/p>\n<p style=\"text-align: justify;\" align=\"justify\">Kaynak: http:\/\/www.haberx.com\/<\/p>\n","protected":false},"excerpt":{"rendered":"<p>1912&#8217;den beri hizmet veren \u0130zmir Milli K\u00fct\u00fcphane&#8217;nin K\u00fclt\u00fcr Bakanl\u0131\u011f\u0131&#8217;n\u0131n TBMM Milli E\u011fitim Komisyonu&#8217;na verdi\u011fi kanun tasar\u0131s\u0131 nedeniyle Derleme Kanunu kapsam\u0131ndan \u00e7\u0131kar\u0131lma ihtimali bulunuyor. \u0130zmir Milli K\u00fct\u00fcphane Vakf\u0131 Ba\u015fkan\u0131 Ulvi Pu\u011f, k\u00fct\u00fcphanenin Derleme Kanunu kapsam\u0131ndan \u00e7\u0131kar\u0131lmas\u0131 halinde m\u00fczeye d\u00f6nece\u011fine dikkat \u00e7ekerek, &#8220;Umuyoruz hem \u0130zmirli&#8217;ye hem de tarihe kar\u015f\u0131 yap\u0131lan bu haks\u0131zl\u0131k giderilir&#8221; dedi.<\/p>\n","protected":false},"author":1,"featured_media":0,"comment_status":"open","ping_status":"open","sticky":false,"template":"","format":"standard","meta":{"footnotes":""},"categories":[1,1581],"tags":[],"class_list":["post-1009","post","type-post","status-publish","format-standard","hentry","category-genel","category-izmir-milli-kutuphane"],"_links":{"self":[{"href":"https:\/\/www.bbyhaber.com\/bby\/wp-json\/wp\/v2\/posts\/1009"}],"collection":[{"href":"https:\/\/www.bbyhaber.com\/bby\/wp-json\/wp\/v2\/posts"}],"about":[{"href":"https:\/\/www.bbyhaber.com\/bby\/wp-json\/wp\/v2\/types\/post"}],"author":[{"embeddable":true,"href":"https:\/\/www.bbyhaber.com\/bby\/wp-json\/wp\/v2\/users\/1"}],"replies":[{"embeddable":true,"href":"https:\/\/www.bbyhaber.com\/bby\/wp-json\/wp\/v2\/comments?post=1009"}],"version-history":[{"count":0,"href":"https:\/\/www.bbyhaber.com\/bby\/wp-json\/wp\/v2\/posts\/1009\/revisions"}],"wp:attachment":[{"href":"https:\/\/www.bbyhaber.com\/bby\/wp-json\/wp\/v2\/media?parent=1009"}],"wp:term":[{"taxonomy":"category","embeddable":true,"href":"https:\/\/www.bbyhaber.com\/bby\/wp-json\/wp\/v2\/categories?post=1009"},{"taxonomy":"post_tag","embeddable":true,"href":"https:\/\/www.bbyhaber.com\/bby\/wp-json\/wp\/v2\/tags?post=1009"}],"curies":[{"name":"wp","href":"https:\/\/api.w.org\/{rel}","templated":true}]}}