{"id":1007,"date":"2011-03-17T15:18:19","date_gmt":"2011-03-17T15:18:19","guid":{"rendered":"http:\/\/www.bbyhaber.com\/bby\/?p=1007"},"modified":"2011-11-17T15:19:03","modified_gmt":"2011-11-17T15:19:03","slug":"van-kutuphaneleri-yuruyor-projesi-tamamlandi","status":"publish","type":"post","link":"https:\/\/www.bbyhaber.com\/bby\/2011\/03\/17\/van-kutuphaneleri-yuruyor-projesi-tamamlandi","title":{"rendered":"Van K\u00fct\u00fcphaneleri y\u00fcr\u00fcyor projesi tamamland\u0131"},"content":{"rendered":"<p style=\"text-align: justify;\" align=\"justify\">Van Valili\u011fi ile K\u00fclt\u00fcr ve Turizm \u0130l M\u00fcd\u00fcrl\u00fc\u011f\u00fc&#8217;n\u00fcn ortakla\u015fa d\u00fczenledi\u011fi ve 15 Ocak-15 Mart tarihleri aras\u0131nda y\u00fcr\u00fct\u00fclen &#8216;Van K\u00fct\u00fcphaneleri Y\u00fcr\u00fcyor&#8217; projesi tamamland\u0131. Makam\u0131nda bir bas\u0131n toplant\u0131s\u0131 d\u00fczenleyerek kampanya ile ilgili bilgi veren K\u00fclt\u00fcr ve Turizm \u0130l M\u00fcd\u00fcr Muzaffer Aktu\u011f, Van genelinde \u00f6rg\u00fcn e\u011fitimini tamamlam\u0131\u015f vatanda\u015flara k\u00fct\u00fcphane hizmetini sunmak ve \u00fcye olan vatanda\u015flara da 15 g\u00fcnl\u00fc\u011f\u00fcne \u00f6d\u00fcn\u00e7 kitap vermek i\u00e7in d\u00fczenlenen kampanyan\u0131n \u00e7ok verimli ge\u00e7ti\u011fini belirtti.<\/p>\n<p style=\"text-align: justify;\" align=\"justify\">Aktu\u011f, \u0130l K\u00fclt\u00fcr ve Turizm ile K\u00fct\u00fcphane m\u00fcd\u00fcrl\u00fckleri personellerinin aktif olarak g\u00f6rev ald\u0131\u011f\u0131 kampanya boyunca kap\u0131 kap\u0131 dola\u015farak vatanda\u015flar\u0131 Van Halk K\u00fct\u00fcphanesi&#8217;ne \u00fcye yapt\u0131klar\u0131n\u0131 ifade etti. Aktu\u011f, &#8220;Kampanya \u00f6ncesinde \u0130l Halk K\u00fct\u00fcphanesi&#8217;nin \u00fcye say\u0131s\u0131 bin 111 iken, 60 g\u00fcn s\u00fcren kampanya sonunda 4 bin 763&#8217;\u00fc il\u00e7elerde olmak \u00fczere toplam 9 bin 29 ki\u015fi daha \u00fcye yap\u0131ld\u0131. Zaten kampanyay\u0131 ba\u015flatt\u0131\u011f\u0131m\u0131z zamanda hedefimiz 7 ile 10 bin aras\u0131nda bir \u00fcye yapmakt\u0131. Ancak b\u00f6lgede etkili olan olumsuz hava \u015fartlar\u0131ndan dolay\u0131 zaman zaman elemanlar\u0131n sahaya \u00e7\u0131kmalar\u0131ndan aksamalar ya\u015fand\u0131. Yoksa belirlenen hedefin \u00e7ok \u00fczerine \u00e7\u0131k\u0131labilirdi&#8221; dedi.<strong> 17\/03\/2011<\/strong><\/p>\n<p style=\"text-align: justify;\" align=\"justify\">Kaynak: <a href=\"http:\/\/www.gazetevan.com\/\" target=\"_blank\">http:\/\/www.gazetevan.com<\/a><\/p>\n","protected":false},"excerpt":{"rendered":"<p>Van Valili\u011fi ile K\u00fclt\u00fcr ve Turizm \u0130l M\u00fcd\u00fcrl\u00fc\u011f\u00fc&#8217;n\u00fcn ortakla\u015fa d\u00fczenledi\u011fi ve 15 Ocak-15 Mart tarihleri aras\u0131nda y\u00fcr\u00fct\u00fclen &#8216;Van K\u00fct\u00fcphaneleri Y\u00fcr\u00fcyor&#8217; projesi tamamland\u0131. Makam\u0131nda bir bas\u0131n toplant\u0131s\u0131 d\u00fczenleyerek kampanya ile ilgili bilgi veren K\u00fclt\u00fcr ve Turizm \u0130l M\u00fcd\u00fcr Muzaffer Aktu\u011f, Van genelinde \u00f6rg\u00fcn e\u011fitimini tamamlam\u0131\u015f vatanda\u015flara k\u00fct\u00fcphane hizmetini sunmak ve \u00fcye olan vatanda\u015flara da 15 g\u00fcnl\u00fc\u011f\u00fcne [&hellip;]<\/p>\n","protected":false},"author":1,"featured_media":0,"comment_status":"open","ping_status":"open","sticky":false,"template":"","format":"standard","meta":{"footnotes":""},"categories":[1],"tags":[123],"class_list":["post-1007","post","type-post","status-publish","format-standard","hentry","category-genel","tag-yuruyen-kutuphaneler"],"_links":{"self":[{"href":"https:\/\/www.bbyhaber.com\/bby\/wp-json\/wp\/v2\/posts\/1007"}],"collection":[{"href":"https:\/\/www.bbyhaber.com\/bby\/wp-json\/wp\/v2\/posts"}],"about":[{"href":"https:\/\/www.bbyhaber.com\/bby\/wp-json\/wp\/v2\/types\/post"}],"author":[{"embeddable":true,"href":"https:\/\/www.bbyhaber.com\/bby\/wp-json\/wp\/v2\/users\/1"}],"replies":[{"embeddable":true,"href":"https:\/\/www.bbyhaber.com\/bby\/wp-json\/wp\/v2\/comments?post=1007"}],"version-history":[{"count":0,"href":"https:\/\/www.bbyhaber.com\/bby\/wp-json\/wp\/v2\/posts\/1007\/revisions"}],"wp:attachment":[{"href":"https:\/\/www.bbyhaber.com\/bby\/wp-json\/wp\/v2\/media?parent=1007"}],"wp:term":[{"taxonomy":"category","embeddable":true,"href":"https:\/\/www.bbyhaber.com\/bby\/wp-json\/wp\/v2\/categories?post=1007"},{"taxonomy":"post_tag","embeddable":true,"href":"https:\/\/www.bbyhaber.com\/bby\/wp-json\/wp\/v2\/tags?post=1007"}],"curies":[{"name":"wp","href":"https:\/\/api.w.org\/{rel}","templated":true}]}}