{"id":10058,"date":"2013-03-08T13:34:31","date_gmt":"2013-03-08T11:34:31","guid":{"rendered":"http:\/\/www.bbyhaber.com\/bby\/?p=10058"},"modified":"2013-03-08T13:34:31","modified_gmt":"2013-03-08T11:34:31","slug":"bolu-il-halk-kutuphanesi-bir-ilke-imza-atacak","status":"publish","type":"post","link":"https:\/\/www.bbyhaber.com\/bby\/2013\/03\/08\/bolu-il-halk-kutuphanesi-bir-ilke-imza-atacak","title":{"rendered":"Bolu \u0130l Halk K\u00fct\u00fcphanesi Bir ilke imza atacak"},"content":{"rendered":"<p style=\"text-align: justify;\">Bolu \u0130l Halk K\u00fct\u00fcphanesi M\u00fcd\u00fcr\u00fc Cemil \u015eahiner \u201cOkuma k\u00fclt\u00fcrleri \u00f6d\u00fcl\u00fc\u201d ad\u0131 alt\u0131nda bir \u00f6d\u00fcl vermek istediklerini a\u00e7\u0131klad\u0131. Yakla\u015fan 49.k\u00fct\u00fcphane haftas\u0131 \u00f6ncesinde b\u00f6yle bir giri\u015fimde bulunduklar\u0131n\u0131 s\u00f6yleyen \u015eahiner <strong>\u201c\u00d6n\u00fcm\u00fczdeki y\u0131l K\u00fct\u00fcphane haftalar\u0131n\u0131n 50.sini kutlayaca\u011f\u0131z bu seneye yeti\u015fmese bile \u00f6n\u00fcm\u00fczdeki sene \u201cOkuma k\u00fclt\u00fcrleri \u00f6d\u00fcl\u00fc\u201d isimli projemizi ya\u015fama ge\u00e7irmek istiyoruz\u201d<\/strong> \u015feklinde konu\u015ftu. <!--more--><\/p>\n<p style=\"text-align: justify;\">Bolu\u2019daki kurumsal \u015firketlere de \u00e7a\u011fr\u0131da bulunan \u015eahiner; \u201c<strong>Ba\u015fta Bolu belediyesi olmak \u00fczere \u015fehrimizin \u00f6nemli firmalar\u0131yla g\u00f6r\u00fc\u015ferek bu \u00f6d\u00fcllere sponsor olmalar\u0131n\u0131 isteyece\u011fim. Hangi firma sponsor olursa o \u00f6d\u00fcl\u00fc o firma ad\u0131na verece\u011fiz. Y\u0131ll\u0131k bazda en \u00e7ok kitap okuyan okuyucular\u0131m\u0131za \u00e7eyrek ya da yar\u0131m alt\u0131n verilmesini sa\u011flamak istiyoruz. \u0130nsanlar\u0131m\u0131z okumaya daha fazla te\u015fvik edilsin, \u00f6d\u00fcller kurumsal hale gelsin\u2019\u2019<\/strong> diye konu\u015ftu.<\/p>\n<p style=\"text-align: justify;\">Kaynak: http:\/\/www.boluolay.com<\/p>\n","protected":false},"excerpt":{"rendered":"<p>Bolu \u0130l Halk K\u00fct\u00fcphanesi M\u00fcd\u00fcr\u00fc Cemil \u015eahiner \u201cOkuma k\u00fclt\u00fcrleri \u00f6d\u00fcl\u00fc\u201d ad\u0131 alt\u0131nda bir \u00f6d\u00fcl vermek istediklerini a\u00e7\u0131klad\u0131. Yakla\u015fan 49.k\u00fct\u00fcphane haftas\u0131 \u00f6ncesinde b\u00f6yle bir giri\u015fimde bulunduklar\u0131n\u0131 s\u00f6yleyen \u015eahiner \u201c\u00d6n\u00fcm\u00fczdeki y\u0131l K\u00fct\u00fcphane haftalar\u0131n\u0131n 50.sini kutlayaca\u011f\u0131z bu seneye yeti\u015fmese bile \u00f6n\u00fcm\u00fczdeki sene \u201cOkuma k\u00fclt\u00fcrleri \u00f6d\u00fcl\u00fc\u201d isimli projemizi ya\u015fama ge\u00e7irmek istiyoruz\u201d \u015feklinde konu\u015ftu.<\/p>\n","protected":false},"author":1,"featured_media":0,"comment_status":"open","ping_status":"open","sticky":false,"template":"","format":"standard","meta":{"footnotes":""},"categories":[1],"tags":[848],"class_list":["post-10058","post","type-post","status-publish","format-standard","hentry","category-genel","tag-halk-kutuphaneleri"],"_links":{"self":[{"href":"https:\/\/www.bbyhaber.com\/bby\/wp-json\/wp\/v2\/posts\/10058"}],"collection":[{"href":"https:\/\/www.bbyhaber.com\/bby\/wp-json\/wp\/v2\/posts"}],"about":[{"href":"https:\/\/www.bbyhaber.com\/bby\/wp-json\/wp\/v2\/types\/post"}],"author":[{"embeddable":true,"href":"https:\/\/www.bbyhaber.com\/bby\/wp-json\/wp\/v2\/users\/1"}],"replies":[{"embeddable":true,"href":"https:\/\/www.bbyhaber.com\/bby\/wp-json\/wp\/v2\/comments?post=10058"}],"version-history":[{"count":0,"href":"https:\/\/www.bbyhaber.com\/bby\/wp-json\/wp\/v2\/posts\/10058\/revisions"}],"wp:attachment":[{"href":"https:\/\/www.bbyhaber.com\/bby\/wp-json\/wp\/v2\/media?parent=10058"}],"wp:term":[{"taxonomy":"category","embeddable":true,"href":"https:\/\/www.bbyhaber.com\/bby\/wp-json\/wp\/v2\/categories?post=10058"},{"taxonomy":"post_tag","embeddable":true,"href":"https:\/\/www.bbyhaber.com\/bby\/wp-json\/wp\/v2\/tags?post=10058"}],"curies":[{"name":"wp","href":"https:\/\/api.w.org\/{rel}","templated":true}]}}