{"id":10050,"date":"2013-03-08T01:57:16","date_gmt":"2013-03-07T23:57:16","guid":{"rendered":"http:\/\/www.bbyhaber.com\/bby\/?p=10050"},"modified":"2013-03-08T01:57:27","modified_gmt":"2013-03-07T23:57:27","slug":"kutuphaneciler-hakimlerin-kitap-okuma-cezasina%e2%80%99-tepki-gosterdi","status":"publish","type":"post","link":"https:\/\/www.bbyhaber.com\/bby\/2013\/03\/08\/kutuphaneciler-hakimlerin-kitap-okuma-cezasina%e2%80%99-tepki-gosterdi","title":{"rendered":"K\u00fct\u00fcphaneciler, Hakimlerin &#8216;Kitap Okuma Cezas\u0131na\u2019 Tepki G\u00f6sterdi"},"content":{"rendered":"<p style=\"text-align: justify;\">T\u00fcrk K\u00fct\u00fcphaneciler Derne\u011fi, hakimlerin, insanl\u0131k ay\u0131b\u0131 olan kad\u0131na \u015fiddete \u2018kitap okuma cezas\u0131\u2019 vermesine tepki g\u00f6sterdi. \u201cSay\u0131n yarg\u0131\u00e7lar bir insanl\u0131k ay\u0131b\u0131na kitaplar\u0131 alet etmeyin\u201d s\u00f6zleriyle a\u00e7\u0131klama yapan T\u00fcrk K\u00fct\u00fcphaneciler Derne\u011fi Ba\u015fkan\u0131 Ali Fuat Kartal, kitap okuma cezas\u0131 verilmesinin toplumda kitap okuman\u0131n ceza olarak alg\u0131lanmas\u0131na yol a\u00e7t\u0131\u011f\u0131na dikkat \u00e7ekti.<!--more--><\/p>\n<p>\u201cK\u0130TAP OKUYUNCA CEZA \u00c7EK\u0130LM\u0130\u015e SAYILIYOR\u201d<\/p>\n<p style=\"text-align: justify;\">Ba\u015fkan Kartal, \u201cBilindi\u011fi \u00fczere, son y\u0131llarda \u00e7e\u015fitli su\u00e7lardan trafik cezalar\u0131, halk\u0131n huzurunu bozma vs. h\u00fck\u00fcm giymi\u015f su\u00e7lulara denetimli serbestlik uygulamas\u0131 \u00e7er\u00e7evesinde kitap okuma cezas\u0131 veriliyor ve bu ki\u015filer belli bir k\u00fct\u00fcphanede ve yine belli bir s\u00fcre zarf\u0131nda kitap okuma kitap okuma kar\u015f\u0131l\u0131\u011f\u0131nda cezas\u0131n\u0131 \u00e7ekmi\u015f say\u0131l\u0131yor. Ancak hakimler bir insanl\u0131k ay\u0131b\u0131 olan kad\u0131na \u015fiddete kitap okuma cezas\u0131 vererek, toplumda kitap okuman\u0131n ceza olarak alg\u0131lanmas\u0131n\u0131 sa\u011fl\u0131yorlar. Bu yanl\u0131\u015ftan biran \u00f6nce d\u00f6nmeleri dile\u011fiyle kad\u0131na \u015fiddetten ve korkudan uzak bir d\u00fcnya diliyorum.\u201d uyar\u0131 ve temennisinde bulundu.<\/p>\n<p style=\"text-align: justify;\">Kaynak: http:\/\/yurthaber.mynet.com<\/p>\n","protected":false},"excerpt":{"rendered":"<p>T\u00fcrk K\u00fct\u00fcphaneciler Derne\u011fi, hakimlerin, insanl\u0131k ay\u0131b\u0131 olan kad\u0131na \u015fiddete \u2018kitap okuma cezas\u0131\u2019 vermesine tepki g\u00f6sterdi. \u201cSay\u0131n yarg\u0131\u00e7lar bir insanl\u0131k ay\u0131b\u0131na kitaplar\u0131 alet etmeyin\u201d s\u00f6zleriyle a\u00e7\u0131klama yapan T\u00fcrk K\u00fct\u00fcphaneciler Derne\u011fi Ba\u015fkan\u0131 Ali Fuat Kartal, kitap okuma cezas\u0131 verilmesinin toplumda kitap okuman\u0131n ceza olarak alg\u0131lanmas\u0131na yol a\u00e7t\u0131\u011f\u0131na dikkat \u00e7ekti.<\/p>\n","protected":false},"author":1,"featured_media":0,"comment_status":"open","ping_status":"open","sticky":false,"template":"","format":"standard","meta":{"footnotes":""},"categories":[1474,1],"tags":[173,174],"class_list":["post-10050","post","type-post","status-publish","format-standard","hentry","category-ali-fuat-kartal","category-genel","tag-kitap-okuma-cezasi","tag-okuma-cezasi"],"_links":{"self":[{"href":"https:\/\/www.bbyhaber.com\/bby\/wp-json\/wp\/v2\/posts\/10050"}],"collection":[{"href":"https:\/\/www.bbyhaber.com\/bby\/wp-json\/wp\/v2\/posts"}],"about":[{"href":"https:\/\/www.bbyhaber.com\/bby\/wp-json\/wp\/v2\/types\/post"}],"author":[{"embeddable":true,"href":"https:\/\/www.bbyhaber.com\/bby\/wp-json\/wp\/v2\/users\/1"}],"replies":[{"embeddable":true,"href":"https:\/\/www.bbyhaber.com\/bby\/wp-json\/wp\/v2\/comments?post=10050"}],"version-history":[{"count":0,"href":"https:\/\/www.bbyhaber.com\/bby\/wp-json\/wp\/v2\/posts\/10050\/revisions"}],"wp:attachment":[{"href":"https:\/\/www.bbyhaber.com\/bby\/wp-json\/wp\/v2\/media?parent=10050"}],"wp:term":[{"taxonomy":"category","embeddable":true,"href":"https:\/\/www.bbyhaber.com\/bby\/wp-json\/wp\/v2\/categories?post=10050"},{"taxonomy":"post_tag","embeddable":true,"href":"https:\/\/www.bbyhaber.com\/bby\/wp-json\/wp\/v2\/tags?post=10050"}],"curies":[{"name":"wp","href":"https:\/\/api.w.org\/{rel}","templated":true}]}}