{"id":10045,"date":"2013-03-08T01:34:14","date_gmt":"2013-03-07T23:34:14","guid":{"rendered":"http:\/\/www.bbyhaber.com\/bby\/?p=10045"},"modified":"2013-04-20T11:51:19","modified_gmt":"2013-04-20T08:51:19","slug":"semantik-yaklasimlarla-kutuphanelerde-gunceli-yakalamak","status":"publish","type":"post","link":"https:\/\/www.bbyhaber.com\/bby\/2013\/03\/08\/semantik-yaklasimlarla-kutuphanelerde-gunceli-yakalamak","title":{"rendered":"Semantik Yakla\u015f\u0131mlarla K\u00fct\u00fcphanelerde G\u00fcnceli Yakalamak-19.04.2013"},"content":{"rendered":"<p style=\"text-align: justify;\"><strong>Semantik Yakla\u015f\u0131mla<\/strong><wbr><strong>rla K\u00fct\u00fcphanel<\/strong><wbr><strong>erde G\u00fcnceli Yakalamak: LOD, Bibliograp<\/strong><wbr><strong>hic Framework, RDA, VIAF Konferans\u0131<\/strong>&#8211;<strong>19 Nisan 2013\/<\/strong> 2013 y\u0131l\u0131n\u0131n ortas\u0131ndan itibaren Anglo Amerikan Kataloglama Kurallar\u0131 2\u2032nin (AAKK2) yerini almas\u0131 d\u00fc\u015f\u00fcn\u00fclen yeni kataloglama kural\u0131 \u201cResource Description and Access (RDA)\u201d evrensel d\u00fczeyde konuyla ilgili uzmanlar taraf\u0131ndan yo\u011fun bir bi\u00e7imde tart\u0131\u015f\u0131lmaktad\u0131r. \u00d6zellikle dijital bilgi kaynaklar\u0131n\u0131n nitelendirilmesi i\u00e7in \u00f6nceki kataloglama kurallar\u0131n\u0131n \u00e7ok ilerisinde olan, bilgiye eri\u015fimdeki s\u0131n\u0131rlar\u0131 ortadan kald\u0131r\u0131lmas\u0131 ve verimlili\u011fi art\u0131rmas\u0131 bak\u0131m\u0131ndan RDA olduk\u00e7a \u00f6nem kazanm\u0131\u015ft\u0131r.<!--more--><\/wbr><\/wbr><\/wbr><\/p>\n<p style=\"text-align: justify;\">AAKK2, FRBR (Functional Requirements for Bibliographic Records)\u00a0ve FRAD (Functional Requirements for Authority Data)\u00a0kavramsal modellerine dayanan RDA,\u00a0geleneksel ve dijital bilgi kaynaklar\u0131n\u0131n d\u00fczenlenmesi\u00a0konusunda k\u00fct\u00fcphanelere daha esnek bir yap\u0131 ve \u00e7er\u00e7eve sunmaktad\u0131r.<\/p>\n<p style=\"text-align: justify;\">RDA\u2019n\u0131n yan\u0131 s\u0131ra\u00a0Semantik Web, Virtual International Authority File (VIAF), Linked Data, Simple Knowledge Organization System (SKOS) ve Bibliographic Framework gibi kavram ve uygulamalar\u0131n bibliyografik evreni do\u011frudan etkiledi\u011fi g\u00f6r\u00fclmektedir.\u00a0Bu durum, \u00fclkelerin ilgili konularda politikalar geli\u015ftirerek uluslararas\u0131 i\u015fbirli\u011fi ger\u00e7ekle\u015ftirmesini zorunlu k\u0131lmaktad\u0131r.<\/p>\n<p style=\"text-align: justify;\">Bu ba\u011flamda, <strong><span style=\"color: #0000ff;\">Bo\u011fazi\u00e7i \u00dcniversitesi, \u00dcniversite ve Ara\u015ft\u0131rma K\u00fct\u00fcphanecileri Derne\u011fi, T\u00fcrk K\u00fct\u00fcphaneciler Derne\u011fi \u0130stanbul \u015eubesi ve RDA T\u00fcrkiye Grubu taraf\u0131ndan d\u00fczenlenen ve 19 Nisan 2013 tarihinde \u0130stanbul Bo\u011fazi\u00e7i \u00dcniversitesi\u2019nde ger\u00e7ekle\u015ftirilecek olan \u201cSemantik Yakla\u015f\u0131mlarla K\u00fct\u00fcphanelerde G\u00fcnceli Yakalamak Konferans\u0131\u201dnda ilgili konular derinlemesine ele al\u0131nacak ve kat\u0131l\u0131mc\u0131lar\u0131n bu konulara y\u00f6nelik olarak fark\u0131ndal\u0131klar\u0131n\u0131n art\u0131r\u0131lmas\u0131 sa\u011flanacakt\u0131r.<\/span><\/strong><\/p>\n<p style=\"text-align: justify;\">Konferans kapsam\u0131nda Hacettepe \u00dcniversitesi Bilgi ve Belge Y\u00f6netimi B\u00f6l\u00fcm\u00fc\u2019nden Prof. Dr. Ya\u015far Tonta \u201cBibliyografik \u00c7er\u00e7eve, K\u00fct\u00fcphaneler \u0130\u00e7in Ba\u011flant\u0131l\u0131 A\u00e7\u0131k Veriler ve Anlamsal A\u011f\u201d ba\u015fl\u0131kl\u0131 sunumunu;\u00a0RDA Geli\u015ftirme Komitesi Ba\u015fkan\u0131\u00a0Dr. Barbara B. Tillett \u201cKeeping Libraries Relevant in the Semantic Web: RDA, VIAF, and the New Bibliographic Framework\u201d ba\u015fl\u0131kl\u0131 sunumunu ve OCLC\u2019den Daniel van Spanje ise \u201cRDA Implementation from a Dutch and European Perspective\u201d ba\u015fl\u0131kl\u0131 sunumunu ger\u00e7ekle\u015ftirecektir.<\/p>\n<p style=\"text-align: justify;\">Sunumlar\u0131n ard\u0131ndan Prof. Dr. Ya\u015far Tonta\u2019n\u0131n y\u00f6netiminde ger\u00e7ekle\u015ftirilecek olan panelde RDA uygulama \u00f6rnekleri Dr. Barbara B. Tillett taraf\u0131ndan verilecek ve bu konuda T\u00fcrkiye\u2019de y\u00fcr\u00fct\u00fclen \u00e7al\u0131\u015fmalar RDA T\u00fcrkiye \u00c7al\u0131\u015fma Grubu ad\u0131na Ar\u015f. G\u00f6r. Tolga \u00c7akmak taraf\u0131ndan anlat\u0131lacakt\u0131r.<\/p>\n<p style=\"text-align: justify;\">Konferansta ger\u00e7ekle\u015ftirilecek olan t\u00fcm sunumlarda e\u015f zamanl\u0131 \u00e7eviri hizmeti verilecektir.<\/p>\n<p style=\"text-align: justify;\">Konferansa kat\u0131l\u0131m \u00fccretsizdir ve kat\u0131l\u0131mc\u0131 s\u0131n\u0131rlamas\u0131 bulunmaktad\u0131r. Bu nedenle kay\u0131t formunu doldurarak konferansa kay\u0131t yapt\u0131rman\u0131z olduk\u00e7a \u00f6nemlidir.<\/p>\n<p style=\"text-align: justify;\"><a href=\"http:\/\/konferans.rdaturkiye.org\" target=\"_blank\"><span style=\"color: #0000ff;\"><strong>Konferans web sayfas\u0131 i\u00e7in t\u0131klay\u0131n\u0131z<\/strong><\/span><\/a><\/p>\n","protected":false},"excerpt":{"rendered":"<p>Semantik Yakla\u015f\u0131mlarla K\u00fct\u00fcphanelerde G\u00fcnceli Yakalamak: LOD, Bibliographic Framework, RDA, VIAF Konferans\u0131&#8211;19 Nisan 2013\/ 2013 y\u0131l\u0131n\u0131n ortas\u0131ndan itibaren Anglo Amerikan Kataloglama Kurallar\u0131 2\u2032nin (AAKK2) yerini almas\u0131 d\u00fc\u015f\u00fcn\u00fclen yeni kataloglama kural\u0131 \u201cResource Description and Access (RDA)\u201d evrensel d\u00fczeyde konuyla ilgili uzmanlar taraf\u0131ndan yo\u011fun bir bi\u00e7imde tart\u0131\u015f\u0131lmaktad\u0131r. \u00d6zellikle dijital bilgi kaynaklar\u0131n\u0131n nitelendirilmesi i\u00e7in \u00f6nceki kataloglama kurallar\u0131n\u0131n \u00e7ok ilerisinde [&hellip;]<\/p>\n","protected":false},"author":1,"featured_media":0,"comment_status":"open","ping_status":"open","sticky":false,"template":"","format":"standard","meta":{"footnotes":""},"categories":[1601],"tags":[1395,458,462,452],"class_list":["post-10045","post","type-post","status-publish","format-standard","hentry","category-rda","tag-bby-mesleki-etkinlikler-arsivi","tag-frbr","tag-rdf","tag-semantik-ag"],"_links":{"self":[{"href":"https:\/\/www.bbyhaber.com\/bby\/wp-json\/wp\/v2\/posts\/10045"}],"collection":[{"href":"https:\/\/www.bbyhaber.com\/bby\/wp-json\/wp\/v2\/posts"}],"about":[{"href":"https:\/\/www.bbyhaber.com\/bby\/wp-json\/wp\/v2\/types\/post"}],"author":[{"embeddable":true,"href":"https:\/\/www.bbyhaber.com\/bby\/wp-json\/wp\/v2\/users\/1"}],"replies":[{"embeddable":true,"href":"https:\/\/www.bbyhaber.com\/bby\/wp-json\/wp\/v2\/comments?post=10045"}],"version-history":[{"count":0,"href":"https:\/\/www.bbyhaber.com\/bby\/wp-json\/wp\/v2\/posts\/10045\/revisions"}],"wp:attachment":[{"href":"https:\/\/www.bbyhaber.com\/bby\/wp-json\/wp\/v2\/media?parent=10045"}],"wp:term":[{"taxonomy":"category","embeddable":true,"href":"https:\/\/www.bbyhaber.com\/bby\/wp-json\/wp\/v2\/categories?post=10045"},{"taxonomy":"post_tag","embeddable":true,"href":"https:\/\/www.bbyhaber.com\/bby\/wp-json\/wp\/v2\/tags?post=10045"}],"curies":[{"name":"wp","href":"https:\/\/api.w.org\/{rel}","templated":true}]}}