{"id":10040,"date":"2013-03-08T01:08:16","date_gmt":"2013-03-07T23:08:16","guid":{"rendered":"http:\/\/www.bbyhaber.com\/bby\/?p=10040"},"modified":"2016-03-23T15:34:44","modified_gmt":"2016-03-23T13:34:44","slug":"kutuphanecilere-kutuphane-haftasina-ozel-etkinlik","status":"publish","type":"post","link":"https:\/\/www.bbyhaber.com\/bby\/2013\/03\/08\/kutuphanecilere-kutuphane-haftasina-ozel-etkinlik","title":{"rendered":"K\u00fct\u00fcphanecilere K\u00fct\u00fcphane Haftas\u0131na \u00d6zel Etkinlik"},"content":{"rendered":"<p style=\"text-align: justify;\"><strong>K\u00fct\u00fcphanecilere K\u00fct\u00fcphane Haftas\u0131na \u00d6zel Yarat\u0131c\u0131 Okuma At\u00f6lyesinin \u0130lki 16 Mart Cumartesi 2013 (Yar\u0131n) Ger\u00e7ekle\u015fecek. <\/strong>Yap\u0131 Kredi K\u00fclt\u00fcr Sanat Yay\u0131nc\u0131l\u0131k, T\u00fcrk K\u00fct\u00fcphaneciler Derne\u011fi ve Okul K\u00fct\u00fcphanecileri Derne\u011fi&#8217;nin i\u015fbirli\u011fi ile K\u00fct\u00fcphanecilere Yarat\u0131c\u0131 Drama At\u00f6lyeleri Yap\u0131 Kredi K\u00fclt\u00fcr Merkezi, 25-31 Mart 2013 tarihleri aras\u0131nda kutlanan 49.su kutlanacak olan K\u00fct\u00fcphane Haftas\u0131\u2019na \u00f6zel ve yaln\u0131zca k\u00fct\u00fcphanecilerin kat\u0131l\u0131m\u0131na a\u00e7\u0131k olan iki etkinli\u011fe ev sahipli\u011fi yapacak. <!--more--><\/p>\n<p style=\"text-align: justify;\">Meslekta\u015f\u0131m\u0131z ve Yarat\u0131c\u0131 Drama E\u011fitmeni \u00c7i\u011fdem Odaba\u015f\u0131 y\u00f6netiminde d\u00fczenlenen Yarat\u0131c\u0131 Okuma At\u00f6lyeleri, k\u00fct\u00fcphaneciler i\u00e7in okumaya farkl\u0131 bak\u0131\u015f a\u00e7\u0131lar\u0131 kazand\u0131rmay\u0131 hedefliyor.Kitab\u0131n i\u00e7eri\u011finde yer alan toplumsal ve ki\u015fisel de\u011fer yarg\u0131lar\u0131n\u0131n okuma grubunun e\u015fli\u011finde sorgulanmas\u0131yla \u00e7e\u015fitli sonu\u00e7lara varmaya ve farkl\u0131 disiplinlere de uyarlanabilecek yeni y\u00f6ntem ve yakla\u015f\u0131mlar geli\u015ftirmeye yard\u0131mc\u0131 olacak at\u00f6lyeler Mart ay\u0131nda k\u00fct\u00fcphanecilerin ba\u015fvurular\u0131na a\u00e7\u0131k olacak.<\/p>\n<p style=\"text-align: justify;\">Yap\u0131 Kredi K\u00fclt\u00fcr Merkezi\u2019ndeki Yarat\u0131c\u0131 Drama ile Kitap Okuma At\u00f6lyeleri ilerleyen aylar boyunca her Cumartesi e\u011fitimciler ve k\u00fct\u00fcphaneciler i\u00e7in ger\u00e7ekle\u015ftirilmeye devam edecek. Bu \u00f6zel etkinlik i\u00e7in Yap\u0131 Kredi K\u00fclt\u00fcr Sanat Yay\u0131nc\u0131l\u0131k&#8217;a ve meslekta\u015f\u0131m\u0131z \u00c7i\u011fdem Odaba\u015f\u0131&#8217;na te\u015fekk\u00fcr ediyoruz.T\u00fcm meslekta\u015flar\u0131m\u0131z\u0131 at\u00f6lyelere kat\u0131lmaya davet ediyoruz. At\u00f6lye kontenjanlar\u0131 s\u0131n\u0131rl\u0131 say\u0131dad\u0131r.<\/p>\n<p>Rezervasyon ve bilgi i\u00e7in; 0212 252 47 00, -503<\/p>\n<p>Yarat\u0131c\u0131 Okuma At\u00f6lyeleri<\/p>\n<p>\u2022 16 Mart 2013 Cumartesi<br \/>\nAt\u00f6lye Ad\u0131: \u201cMavi G\u00f6zl\u00fc Dev\u201d<br \/>\nAt\u00f6lye : N\u00e2z\u0131m Hikmet<br \/>\nSaat : 13.00-14.30 \/ 90 d<\/p>\n<p>\u2022 30 Mart 2013 Cumartesi<br \/>\nAt\u00f6lye Ad\u0131: \u201c\u0130nce Memed\u201d<br \/>\nAt\u00f6lye : Ya\u015far Kemal<br \/>\nSaat : 13.00-14.30 \/ 90 d<\/p>\n<p>Kaynak: Ayd\u0131n \u0130leri<\/p>\n<p style=\"text-align: justify;\"><a href=\"http:\/\/www.bbyhaber.com\/bby\/wp-content\/uploads\/2013\/03\/okumagunleri.jpg\"><img loading=\"lazy\" decoding=\"async\" class=\"alignleft size-thumbnail wp-image-10041\" title=\"okumagunleri\" src=\"http:\/\/www.bbyhaber.com\/bby\/wp-content\/uploads\/2013\/03\/okumagunleri-150x150.jpg\" alt=\"\" width=\"150\" height=\"150\" \/><\/a><\/p>\n","protected":false},"excerpt":{"rendered":"<p>K\u00fct\u00fcphanecilere K\u00fct\u00fcphane Haftas\u0131na \u00d6zel Yarat\u0131c\u0131 Okuma At\u00f6lyesinin \u0130lki 16 Mart Cumartesi 2013 (Yar\u0131n) Ger\u00e7ekle\u015fecek. Yap\u0131 Kredi K\u00fclt\u00fcr Sanat Yay\u0131nc\u0131l\u0131k, T\u00fcrk K\u00fct\u00fcphaneciler Derne\u011fi ve Okul K\u00fct\u00fcphanecileri Derne\u011fi&#8217;nin i\u015fbirli\u011fi ile K\u00fct\u00fcphanecilere Yarat\u0131c\u0131 Drama At\u00f6lyeleri Yap\u0131 Kredi K\u00fclt\u00fcr Merkezi, 25-31 Mart 2013 tarihleri aras\u0131nda kutlanan 49.su kutlanacak olan K\u00fct\u00fcphane Haftas\u0131\u2019na \u00f6zel ve yaln\u0131zca k\u00fct\u00fcphanecilerin kat\u0131l\u0131m\u0131na a\u00e7\u0131k olan iki [&hellip;]<\/p>\n","protected":false},"author":1,"featured_media":0,"comment_status":"open","ping_status":"open","sticky":false,"template":"","format":"standard","meta":{"footnotes":""},"categories":[1470,1476,1607],"tags":[1461,845],"class_list":["post-10040","post","type-post","status-publish","format-standard","hentry","category-49-kutuphane-haftasi","category-aydin-ileri","category-turk-kutuphaneciler-dernegi-tkd","tag-kutuphane-haftasi","tag-okul-kutuphaneleri"],"_links":{"self":[{"href":"https:\/\/www.bbyhaber.com\/bby\/wp-json\/wp\/v2\/posts\/10040"}],"collection":[{"href":"https:\/\/www.bbyhaber.com\/bby\/wp-json\/wp\/v2\/posts"}],"about":[{"href":"https:\/\/www.bbyhaber.com\/bby\/wp-json\/wp\/v2\/types\/post"}],"author":[{"embeddable":true,"href":"https:\/\/www.bbyhaber.com\/bby\/wp-json\/wp\/v2\/users\/1"}],"replies":[{"embeddable":true,"href":"https:\/\/www.bbyhaber.com\/bby\/wp-json\/wp\/v2\/comments?post=10040"}],"version-history":[{"count":0,"href":"https:\/\/www.bbyhaber.com\/bby\/wp-json\/wp\/v2\/posts\/10040\/revisions"}],"wp:attachment":[{"href":"https:\/\/www.bbyhaber.com\/bby\/wp-json\/wp\/v2\/media?parent=10040"}],"wp:term":[{"taxonomy":"category","embeddable":true,"href":"https:\/\/www.bbyhaber.com\/bby\/wp-json\/wp\/v2\/categories?post=10040"},{"taxonomy":"post_tag","embeddable":true,"href":"https:\/\/www.bbyhaber.com\/bby\/wp-json\/wp\/v2\/tags?post=10040"}],"curies":[{"name":"wp","href":"https:\/\/api.w.org\/{rel}","templated":true}]}}