{"id":10024,"date":"2013-03-06T12:05:42","date_gmt":"2013-03-06T10:05:42","guid":{"rendered":"http:\/\/www.bbyhaber.com\/bby\/?p=10024"},"modified":"2013-03-06T12:05:51","modified_gmt":"2013-03-06T10:05:51","slug":"bekaert%e2%80%99ten-ulubatli-hasan%e2%80%99a-kutuphane-izmit","status":"publish","type":"post","link":"https:\/\/www.bbyhaber.com\/bby\/2013\/03\/06\/bekaert%e2%80%99ten-ulubatli-hasan%e2%80%99a-kutuphane-izmit","title":{"rendered":"Bekaert\u2019ten, Ulubatl\u0131 Hasan\u2019a k\u00fct\u00fcphane-\u0130zmit"},"content":{"rendered":"<p style=\"text-align: justify;\"><a href=\"http:\/\/medya.ozgurkocaeli.com\/2013\/03\/50879-detay.jpg\"><img loading=\"lazy\" decoding=\"async\" class=\"alignleft\" src=\"http:\/\/medya.ozgurkocaeli.com\/2013\/03\/50879-detay.jpg\" alt=\"\" width=\"234\" height=\"136\" \/><\/a>\u0130zmit Ulubatl\u0131 Hasan \u0130lk\u00f6\u011fretim Okulu\u2019nda Milli E\u011fitim Bakanl\u0131\u011f\u0131 taraf\u0131ndan y\u00fcr\u00fct\u00fclen \u2018Okullar Hayat Olsun\u2019 projesi kapsam\u0131nda Bekaert \u0130zmit \u00c7elik Kord taraf\u0131ndan yapt\u0131r\u0131lan K\u00fct\u00fcphanenin a\u00e7\u0131l\u0131\u015f\u0131 ger\u00e7ekle\u015fti. \u0130zmit Ulubatl\u0131 Hasan \u0130lk\u00f6\u011fretim Okulu velilerinden G\u00f6khan Ye\u015fil\u00e7\u0131nar\u2019\u0131n katk\u0131lar\u0131yla yapt\u0131r\u0131lan k\u00fct\u00fcphanenin a\u00e7\u0131l\u0131\u015f\u0131na; Kocaeli Vali Yard\u0131mc\u0131s\u0131 Ali S\u00f6zen, Kocaeli \u0130l Milli E\u011fitim m\u00fcd\u00fcr\u00fc Nevzat \u0130spirli, \u0130zmit \u0130l\u00e7e Milli E\u011fitim M\u00fcd\u00fcr\u00fc Sezgin \u00c7uhadar, \u015eube M\u00fcd\u00fcr\u00fc Ali Osman Hasano\u011flu, <!--more-->Bekaert \u0130zmit \u00c7elik Kord Genel M\u00fcd\u00fcr\u00fc Roberto Toso, \u0130nsan Kaynaklar\u0131 M\u00fcd\u00fcr\u00fc B\u00fclent A\u00e7\u0131kal\u0131n, Operasyonlar M\u00fcd\u00fcr\u00fc Ferhat \u00d6zmerzi, Finans Lojistik Sat\u0131n alma M\u00fcd\u00fcr\u00fc Vedat Alt\u0131n, Y\u00f6netim Asistan\u0131 Ebru Tekle, Organizasyonel Geli\u015fim Uzman\u0131 Deniz G\u00fcven, \u0130nsan Kaynaklar\u0131 Uzman\u0131 P\u0131nar \u00c7a\u011flayan, \u0130nsan Kaynaklar\u0131 Formeni Ender Erman, Ulubatl\u0131 Hasan \u0130lk\u00f6\u011fretim Okulu M\u00fcd\u00fcr\u00fc \u0130lknur Durmaz, \u00f6\u011fretmenler, \u00f6\u011frenciler ve veliler kat\u0131ld\u0131.<\/p>\n<p style=\"text-align: justify;\">B\u0130LG\u0130 ED\u0130NME \u00d6ZG\u00dcRL\u00dc\u011e\u00dc<\/p>\n<p style=\"text-align: justify;\">T\u00f6rende konu\u015fma yapan Ulubatl\u0131 Hasan \u0130lk\u00f6\u011fretim Okulu M\u00fcd\u00fcr\u00fc gelece\u011fe yap\u0131lan en b\u00fcy\u00fck yat\u0131r\u0131m\u0131n \u00e7ocuklara yap\u0131lan yat\u0131r\u0131m oldu\u011funu s\u00f6yleyerek, \u201c\u00d6\u011frencilerimizin elde etti\u011fi ba\u015far\u0131lan bizleri daha iyiyi yapmaya y\u00fcreklendiriyor. Bug\u00fcn a\u00e7\u0131l\u0131\u015f\u0131n\u0131 yapt\u0131\u011f\u0131m\u0131z k\u00fct\u00fcphane ile \u00f6\u011frencilerimiz ve velilerimizin bilgi edinme \u00f6zg\u00fcrl\u00fc\u011f\u00fcn\u00fc garanti alt\u0131na alm\u0131\u015f olduk. Katk\u0131s\u0131 olan herkese te\u015fekk\u00fcr ediyoruz\u201d dedi.<\/p>\n<p style=\"text-align: justify;\">\u0130zmit \u0130l\u00e7e Milli E\u011fitim m\u00fcd\u00fcr\u00fc \u00c7uhadar ise Milli E\u011fitim Bakanl\u0131\u011f\u0131\u2019n\u0131n \u201cOkullar Hayat Olsun\u201d projesi ile okullarda a\u00e7\u0131lan k\u00fct\u00fcphanelerden halk\u0131n da yararlanmas\u0131n\u0131 hedefledi\u011fini s\u00f6yleyerek a\u00e7\u0131l\u0131\u015f\u0131 yap\u0131lan k\u00fct\u00fcphanenin i\u00e7erisinde 1000 adet ve 5 adet bilgisayar\u0131n bulundu\u011funu ifade etti.<\/p>\n<p style=\"text-align: justify;\">ATAT\u00dcRK OLMAK KOLAY DE\u011e\u0130L<\/p>\n<p style=\"text-align: justify;\">\u0130zmit \u0130l\u00e7e Milli E\u011fitim m\u00fcd\u00fcr\u00fc Nevzat \u0130spirli ise \u00d6yle ilk emri \u201coku\u201d olan bir dine mensubuz. Kan ve irfanla kurdu\u011fumuz topraklarda ya\u015f\u0131yoruz. Atat\u00fcrk\u2019\u00fcn \u0131srarla \u00f6n\u00fcm\u00fcze koydu\u011fu \u2018muas\u0131r medeniyetlerin \u00fczerin \u00e7\u0131kmak\u2019 vasiyetini yerine getirmek ancak y\u00fcksek k\u00fclt\u00fcrle olur. \u00c7ok okumak mecburiyetindeyiz. Atat\u00fcrk toplam 3700 kitap okumu\u015f. Sava\u015fta dinlenme an\u0131nda bile ba\u015f ucu kitab\u0131 varm\u0131\u015f. Atat\u00fcrk olmak kolay de\u011fil. Bug\u00fcn a\u00e7\u0131l\u0131\u015f\u0131n\u0131 yapt\u0131\u011f\u0131m\u0131z k\u00fct\u00fcphanenin ar\u0131 kovan\u0131na d\u00f6n\u00fc\u015fmesi laz\u0131m. Aksi takdirde yaz\u0131k olur\u201d dedi.<\/p>\n<p style=\"text-align: justify;\">D\u00dcNYADAK\u0130 REKABET\u0130 YAKALAYIN<\/p>\n<p style=\"text-align: justify;\">Bekaert \u0130zmit \u00c7elik Kord Genel M\u00fcd\u00fcr\u00fc Roberto Toso, \u201cD\u00fcnyadaki rekabet zor ve agresif hale geldi. Bu rekabete ayak uydurulmas\u0131 i\u00e7in e\u011fitimin \u00f6nemi artmaktad\u0131r. Bilgi teknolojilerinin en iyi \u015fekilde kullan\u0131lmas\u0131 \u00f6nem gereklilik arz etmektedir. Umuyorum ki okula sa\u011flad\u0131\u011f\u0131m\u0131z bu destek \u00f6\u011fretmen ve \u00f6\u011frencilerimize faydal\u0131 olacakt\u0131r\u201d dedi.<\/p>\n<p style=\"text-align: justify;\">1000 ADET K\u0130TAP<\/p>\n<p style=\"text-align: justify;\">Konu\u015fmalar\u0131n ard\u0131ndan okul y\u00f6netiminin giri\u015fimleri ve \u00f6\u011fretmenlerin katk\u0131lar\u0131yla al\u0131nan 247 yabanc\u0131, 324 T\u00fcrk yazar olmak \u00fczere toplam 571 adet roman ve hikaye kitab\u0131, 77 adet ki\u015fisel geli\u015fim kitab\u0131, 75 adet tarih kitab\u0131, 100 adet 1\u2019inci s\u0131n\u0131flara y\u00f6nelik hikaye kitab\u0131 ve 200 adet de farkl\u0131 kategorilerde kitapla yakla\u015f\u0131k 1000 adet kitab\u0131n bulundu\u011fu k\u00fct\u00fcphanenin a\u00e7\u0131l\u0131\u015f\u0131 ger\u00e7ekle\u015fti.<\/p>\n<p style=\"text-align: justify;\">K\u00fct\u00fcphaneye vefat eden okul \u0130ngilizce \u00f6\u011fretmenlerinden Dilek Tun\u00e7\u2019un isminin verilmesi i\u00e7in Milli E\u011fitim M\u00fcd\u00fcrl\u00fc\u011f\u00fc\u2019ne yaz\u0131 yaz\u0131ld\u0131.<\/p>\n<p style=\"text-align: justify;\">Kaynak: http:\/\/www.ozgurkocaeli.com.tr<\/p>\n","protected":false},"excerpt":{"rendered":"<p>\u0130zmit Ulubatl\u0131 Hasan \u0130lk\u00f6\u011fretim Okulu\u2019nda Milli E\u011fitim Bakanl\u0131\u011f\u0131 taraf\u0131ndan y\u00fcr\u00fct\u00fclen \u2018Okullar Hayat Olsun\u2019 projesi kapsam\u0131nda Bekaert \u0130zmit \u00c7elik Kord taraf\u0131ndan yapt\u0131r\u0131lan K\u00fct\u00fcphanenin a\u00e7\u0131l\u0131\u015f\u0131 ger\u00e7ekle\u015fti. \u0130zmit Ulubatl\u0131 Hasan \u0130lk\u00f6\u011fretim Okulu velilerinden G\u00f6khan Ye\u015fil\u00e7\u0131nar\u2019\u0131n katk\u0131lar\u0131yla yapt\u0131r\u0131lan k\u00fct\u00fcphanenin a\u00e7\u0131l\u0131\u015f\u0131na; Kocaeli Vali Yard\u0131mc\u0131s\u0131 Ali S\u00f6zen, Kocaeli \u0130l Milli E\u011fitim m\u00fcd\u00fcr\u00fc Nevzat \u0130spirli, \u0130zmit \u0130l\u00e7e Milli E\u011fitim M\u00fcd\u00fcr\u00fc Sezgin \u00c7uhadar, [&hellip;]<\/p>\n","protected":false},"author":1,"featured_media":0,"comment_status":"open","ping_status":"open","sticky":false,"template":"","format":"standard","meta":{"footnotes":""},"categories":[1],"tags":[845],"class_list":["post-10024","post","type-post","status-publish","format-standard","hentry","category-genel","tag-okul-kutuphaneleri"],"_links":{"self":[{"href":"https:\/\/www.bbyhaber.com\/bby\/wp-json\/wp\/v2\/posts\/10024"}],"collection":[{"href":"https:\/\/www.bbyhaber.com\/bby\/wp-json\/wp\/v2\/posts"}],"about":[{"href":"https:\/\/www.bbyhaber.com\/bby\/wp-json\/wp\/v2\/types\/post"}],"author":[{"embeddable":true,"href":"https:\/\/www.bbyhaber.com\/bby\/wp-json\/wp\/v2\/users\/1"}],"replies":[{"embeddable":true,"href":"https:\/\/www.bbyhaber.com\/bby\/wp-json\/wp\/v2\/comments?post=10024"}],"version-history":[{"count":0,"href":"https:\/\/www.bbyhaber.com\/bby\/wp-json\/wp\/v2\/posts\/10024\/revisions"}],"wp:attachment":[{"href":"https:\/\/www.bbyhaber.com\/bby\/wp-json\/wp\/v2\/media?parent=10024"}],"wp:term":[{"taxonomy":"category","embeddable":true,"href":"https:\/\/www.bbyhaber.com\/bby\/wp-json\/wp\/v2\/categories?post=10024"},{"taxonomy":"post_tag","embeddable":true,"href":"https:\/\/www.bbyhaber.com\/bby\/wp-json\/wp\/v2\/tags?post=10024"}],"curies":[{"name":"wp","href":"https:\/\/api.w.org\/{rel}","templated":true}]}}